{"id":102095,"date":"2021-05-14T01:53:34","date_gmt":"2021-05-14T04:53:34","guid":{"rendered":"http:\/\/blitzconquista.com.br\/?p=102095"},"modified":"2021-05-14T01:53:34","modified_gmt":"2021-05-14T04:53:34","slug":"dt-de-pocoes-cumpre-mandados-de-prisao-preventiva","status":"publish","type":"post","link":"http:\/\/blitzconquista.com.br\/?p=102095","title":{"rendered":"DT de Po\u00e7\u00f5es cumpre mandados de pris\u00e3o preventiva"},"content":{"rendered":"<h1><img decoding=\"async\" loading=\"lazy\" class=\"aligncenter size-full wp-image-102097\" src=\"http:\/\/blitzconquista.com.br\/wp-content\/uploads\/2021\/05\/Mandado-Pocoes.jpg\" alt=\"\" width=\"640\" height=\"427\" srcset=\"http:\/\/blitzconquista.com.br\/wp-content\/uploads\/2021\/05\/Mandado-Pocoes.jpg 640w, http:\/\/blitzconquista.com.br\/wp-content\/uploads\/2021\/05\/Mandado-Pocoes-300x200.jpg 300w, http:\/\/blitzconquista.com.br\/wp-content\/uploads\/2021\/05\/Mandado-Pocoes-414x276.jpg 414w, http:\/\/blitzconquista.com.br\/wp-content\/uploads\/2021\/05\/Mandado-Pocoes-470x313.jpg 470w, http:\/\/blitzconquista.com.br\/wp-content\/uploads\/2021\/05\/Mandado-Pocoes-130x86.jpg 130w, http:\/\/blitzconquista.com.br\/wp-content\/uploads\/2021\/05\/Mandado-Pocoes-187x124.jpg 187w\" sizes=\"(max-width: 640px) 100vw, 640px\" \/><\/h1>\n<p>Policiais da Delegacia Territorial de Po\u00e7\u00f5es, a 444 km de Salvador, cumpriram mandados de pris\u00e3o preventiva contra dois homens nesta quinta-feira (13). Um deles foi capturado por tr\u00e1fico de drogas e associa\u00e7\u00e3o criminosa e o outro, pelo crime eleitoral de arregimenta\u00e7\u00e3o de eleitor e propaganda de boca de urna.<\/p>\n<p>O homem condenado por tr\u00e1fico e associa\u00e7\u00e3o criminosa respondia em liberdade, ap\u00f3s recorrer da senten\u00e7a. Por\u00e9m, ap\u00f3s nova condena\u00e7\u00e3o p\u00f3s-recurso, a Vara Criminal da Comarca de Po\u00e7\u00f5es decretou sua pris\u00e3o preventiva. O outro preso havia sido condenado a presta\u00e7\u00e3o de servi\u00e7os pelos crimes eleitorais, mas n\u00e3o respeitou a decis\u00e3o judicial.<\/p>\n<p>A titular da Delegacia Territorial do munic\u00edpio, Alessandra M\u00e1rcia Cardoso, explicou que, sob a lideran\u00e7a da 10\u00aa Coordenadoria Regional de Pol\u00edcia do Interior (Coorpin\/Vit\u00f3ria da Conquista), existe um trabalho muito intenso de investiga\u00e7\u00e3o e intelig\u00eancia na \u00e1rea. Segundo a delegada, a parceria vem dando resultados inquestion\u00e1veis.<\/p>\n<p>&#8220;Temos combatido diuturnamente a criminalidade, cumprindo mandados e elucidando homic\u00eddios. De 1\u00ba de janeiro a 13 de maio, n\u00e3o houve nenhum crime contra a vida em Po\u00e7\u00f5es. Isso \u00e9 reflexo do trabalho investigativo. Todos os homic\u00eddios que ocorreram no ano passado foram elucidados e nenhum teve conex\u00e3o com o tr\u00e1fico de drogas. A gente vem trabalhando: mapeamos a cidade, identificamos as fac\u00e7\u00f5es e seus l\u00edderes e, em conjunto com a Pol\u00edcia Militar, a Pol\u00edcia Rodovi\u00e1ria Federal, o Minist\u00e9rio P\u00fablico e o Judici\u00e1rio, estamos bastante atuantes. A Justi\u00e7a tem julgado com presteza, mesmo na pandemia, e isso tamb\u00e9m tem inibido o marginal de agir em Po\u00e7\u00f5es&#8221;, declarou a titular.<\/p>\n<p>Os presos seguiram para o Conjunto Penal de Jequi\u00e9, onde est\u00e3o \u00e0 disposi\u00e7\u00e3o da Justi\u00e7a.<\/p>\n<p>&nbsp;<\/p>\n<p>Fonte:\u00a0<strong>Ascom \/ Pol\u00edcia Civil<\/strong><\/p>\n","protected":false},"excerpt":{"rendered":"<p>Policiais da Delegacia Territorial de Po\u00e7\u00f5es, a 444 km de Salvador, cumpriram mandados de pris\u00e3o preventiva contra dois homens nesta quinta-feira (13). Um deles foi capturado por tr\u00e1fico de drogas e associa\u00e7\u00e3o criminosa e o outro, pelo crime eleitoral de arregimenta\u00e7\u00e3o de eleitor e propaganda de boca de urna. O homem condenado por tr\u00e1fico e [&hellip;]<\/p>\n","protected":false},"author":1,"featured_media":102097,"comment_status":"closed","ping_status":"closed","sticky":false,"template":"","format":"standard","meta":[],"categories":[3],"tags":[],"_links":{"self":[{"href":"http:\/\/blitzconquista.com.br\/index.php?rest_route=\/wp\/v2\/posts\/102095"}],"collection":[{"href":"http:\/\/blitzconquista.com.br\/index.php?rest_route=\/wp\/v2\/posts"}],"about":[{"href":"http:\/\/blitzconquista.com.br\/index.php?rest_route=\/wp\/v2\/types\/post"}],"author":[{"embeddable":true,"href":"http:\/\/blitzconquista.com.br\/index.php?rest_route=\/wp\/v2\/users\/1"}],"replies":[{"embeddable":true,"href":"http:\/\/blitzconquista.com.br\/index.php?rest_route=%2Fwp%2Fv2%2Fcomments&post=102095"}],"version-history":[{"count":1,"href":"http:\/\/blitzconquista.com.br\/index.php?rest_route=\/wp\/v2\/posts\/102095\/revisions"}],"predecessor-version":[{"id":102098,"href":"http:\/\/blitzconquista.com.br\/index.php?rest_route=\/wp\/v2\/posts\/102095\/revisions\/102098"}],"wp:featuredmedia":[{"embeddable":true,"href":"http:\/\/blitzconquista.com.br\/index.php?rest_route=\/wp\/v2\/media\/102097"}],"wp:attachment":[{"href":"http:\/\/blitzconquista.com.br\/index.php?rest_route=%2Fwp%2Fv2%2Fmedia&parent=102095"}],"wp:term":[{"taxonomy":"category","embeddable":true,"href":"http:\/\/blitzconquista.com.br\/index.php?rest_route=%2Fwp%2Fv2%2Fcategories&post=102095"},{"taxonomy":"post_tag","embeddable":true,"href":"http:\/\/blitzconquista.com.br\/index.php?rest_route=%2Fwp%2Fv2%2Ftags&post=102095"}],"curies":[{"name":"wp","href":"https:\/\/api.w.org\/{rel}","templated":true}]}}