{"id":102099,"date":"2021-05-14T01:58:09","date_gmt":"2021-05-14T04:58:09","guid":{"rendered":"http:\/\/blitzconquista.com.br\/?p=102099"},"modified":"2021-05-14T01:58:09","modified_gmt":"2021-05-14T04:58:09","slug":"lider-do-trafico-de-terra-nova-e-encontrado-durante-operacao","status":"publish","type":"post","link":"http:\/\/blitzconquista.com.br\/?p=102099","title":{"rendered":"L\u00edder do tr\u00e1fico de Terra Nova \u00e9 encontrado durante opera\u00e7\u00e3o"},"content":{"rendered":"<div id=\"story_text\">\n<p align=\"left\"><img decoding=\"async\" loading=\"lazy\" class=\"aligncenter size-full wp-image-102102\" src=\"http:\/\/blitzconquista.com.br\/wp-content\/uploads\/2021\/05\/Terra-Nova-Auto-de-Resistencia-Armas.jpg\" alt=\"\" width=\"1280\" height=\"960\" srcset=\"http:\/\/blitzconquista.com.br\/wp-content\/uploads\/2021\/05\/Terra-Nova-Auto-de-Resistencia-Armas.jpg 1280w, http:\/\/blitzconquista.com.br\/wp-content\/uploads\/2021\/05\/Terra-Nova-Auto-de-Resistencia-Armas-300x225.jpg 300w, http:\/\/blitzconquista.com.br\/wp-content\/uploads\/2021\/05\/Terra-Nova-Auto-de-Resistencia-Armas-695x521.jpg 695w, http:\/\/blitzconquista.com.br\/wp-content\/uploads\/2021\/05\/Terra-Nova-Auto-de-Resistencia-Armas-768x576.jpg 768w, http:\/\/blitzconquista.com.br\/wp-content\/uploads\/2021\/05\/Terra-Nova-Auto-de-Resistencia-Armas-74x55.jpg 74w, http:\/\/blitzconquista.com.br\/wp-content\/uploads\/2021\/05\/Terra-Nova-Auto-de-Resistencia-Armas-111x83.jpg 111w, http:\/\/blitzconquista.com.br\/wp-content\/uploads\/2021\/05\/Terra-Nova-Auto-de-Resistencia-Armas-215x161.jpg 215w, http:\/\/blitzconquista.com.br\/wp-content\/uploads\/2021\/05\/Terra-Nova-Auto-de-Resistencia-Armas-990x743.jpg 990w\" sizes=\"(max-width: 1280px) 100vw, 1280px\" \/><\/p>\n<p align=\"justify\"><span style=\"font-family: Arial, sans-serif;\"><span style=\"font-size: small;\">Uma opera\u00e7\u00e3o conjunta entre a 20\u00aa Companhia Independente da Pol\u00edcia Militar\/Santo Amaro e a 3\u00aa Coordenadoria Regional de Pol\u00edcia do Interior (Coorpin\/Santo Amaro), deflagrada no in\u00edcio da manh\u00e3 desta quinta-feira (13), em Terra Nova, localizou dois homens, entre eles o acusado de liderar o tr\u00e1fico de drogas na regi\u00e3o, al\u00e9m de ser autor de v\u00e1rias mortes na guerra entre organiza\u00e7\u00f5es criminosas.<\/p>\n<p>Uma den\u00fancia an\u00f4nima informou que o traficante teria invadido um s\u00edtio da Fazenda de Mucuri, distrito de Terra Nova. As equipes foram at\u00e9 o local e foram recebidas a tiros. No revide, os suspeitos tentaram fugir, mas foram atingidos e n\u00e3o resistiram. Com eles foram encontrados uma pistola Glock .40 e um rev\u00f3lver calibre 38.<\/p>\n<p>\u201cEssa guerra entre fac\u00e7\u00f5es ocorre desde 2020 na regi\u00e3o. J\u00e1 est\u00e1vamos em alerta, devido a duas execu\u00e7\u00f5es semanas atr\u00e1s a mando desse traficante que j\u00e1 tinha um mandado de pris\u00e3o e estava foragido desde 2018\u201d, declarou o delegado Rafael Almeida, da coordenador da 3\u00aa Coorpin\/Santo Amaro.<\/p>\n<p>Todo o material apreendido na Opera\u00e7\u00e3o \u201cTerra Nova em Paz\u201d foi encaminhado para a Delegacia Territorial da cidade.<\/span><\/span><\/p>\n<\/div>\n<div id=\"story_fonte\">\n<p class=\"fonte\">Fonte: <strong>Ascom\/ Jeferson Silva<\/strong><\/p>\n<\/div>\n","protected":false},"excerpt":{"rendered":"<p>Uma opera\u00e7\u00e3o conjunta entre a 20\u00aa Companhia Independente da Pol\u00edcia Militar\/Santo Amaro e a 3\u00aa Coordenadoria Regional de Pol\u00edcia do Interior (Coorpin\/Santo Amaro), deflagrada no in\u00edcio da manh\u00e3 desta quinta-feira (13), em Terra Nova, localizou dois homens, entre eles o acusado de liderar o tr\u00e1fico de drogas na regi\u00e3o, al\u00e9m de ser autor de v\u00e1rias [&hellip;]<\/p>\n","protected":false},"author":1,"featured_media":102102,"comment_status":"closed","ping_status":"closed","sticky":false,"template":"","format":"standard","meta":[],"categories":[3],"tags":[],"_links":{"self":[{"href":"http:\/\/blitzconquista.com.br\/index.php?rest_route=\/wp\/v2\/posts\/102099"}],"collection":[{"href":"http:\/\/blitzconquista.com.br\/index.php?rest_route=\/wp\/v2\/posts"}],"about":[{"href":"http:\/\/blitzconquista.com.br\/index.php?rest_route=\/wp\/v2\/types\/post"}],"author":[{"embeddable":true,"href":"http:\/\/blitzconquista.com.br\/index.php?rest_route=\/wp\/v2\/users\/1"}],"replies":[{"embeddable":true,"href":"http:\/\/blitzconquista.com.br\/index.php?rest_route=%2Fwp%2Fv2%2Fcomments&post=102099"}],"version-history":[{"count":1,"href":"http:\/\/blitzconquista.com.br\/index.php?rest_route=\/wp\/v2\/posts\/102099\/revisions"}],"predecessor-version":[{"id":102103,"href":"http:\/\/blitzconquista.com.br\/index.php?rest_route=\/wp\/v2\/posts\/102099\/revisions\/102103"}],"wp:featuredmedia":[{"embeddable":true,"href":"http:\/\/blitzconquista.com.br\/index.php?rest_route=\/wp\/v2\/media\/102102"}],"wp:attachment":[{"href":"http:\/\/blitzconquista.com.br\/index.php?rest_route=%2Fwp%2Fv2%2Fmedia&parent=102099"}],"wp:term":[{"taxonomy":"category","embeddable":true,"href":"http:\/\/blitzconquista.com.br\/index.php?rest_route=%2Fwp%2Fv2%2Fcategories&post=102099"},{"taxonomy":"post_tag","embeddable":true,"href":"http:\/\/blitzconquista.com.br\/index.php?rest_route=%2Fwp%2Fv2%2Ftags&post=102099"}],"curies":[{"name":"wp","href":"https:\/\/api.w.org\/{rel}","templated":true}]}}