{"id":102197,"date":"2021-05-17T09:56:46","date_gmt":"2021-05-17T12:56:46","guid":{"rendered":"http:\/\/blitzconquista.com.br\/?p=102197"},"modified":"2021-05-17T09:56:46","modified_gmt":"2021-05-17T12:56:46","slug":"prefeitura-lanca-campanha-escutar-e-proteger-pelo-enfrentamento-ao-abuso-e-exploracao-sexual-contra-criancas-e-adolescentes","status":"publish","type":"post","link":"http:\/\/blitzconquista.com.br\/?p=102197","title":{"rendered":"Prefeitura lan\u00e7a campanha \u201cEscutar \u00e9 proteger\u201d pelo enfrentamento ao abuso e explora\u00e7\u00e3o sexual contra crian\u00e7as e adolescentes"},"content":{"rendered":"<p><img decoding=\"async\" loading=\"lazy\" class=\"aligncenter size-full wp-image-102199\" src=\"http:\/\/blitzconquista.com.br\/wp-content\/uploads\/2021\/05\/Escutar-e-Proteger.jpg\" alt=\"\" width=\"1024\" height=\"1024\" srcset=\"http:\/\/blitzconquista.com.br\/wp-content\/uploads\/2021\/05\/Escutar-e-Proteger.jpg 1024w, http:\/\/blitzconquista.com.br\/wp-content\/uploads\/2021\/05\/Escutar-e-Proteger-300x300.jpg 300w, http:\/\/blitzconquista.com.br\/wp-content\/uploads\/2021\/05\/Escutar-e-Proteger-653x653.jpg 653w, http:\/\/blitzconquista.com.br\/wp-content\/uploads\/2021\/05\/Escutar-e-Proteger-150x150.jpg 150w, http:\/\/blitzconquista.com.br\/wp-content\/uploads\/2021\/05\/Escutar-e-Proteger-768x768.jpg 768w, http:\/\/blitzconquista.com.br\/wp-content\/uploads\/2021\/05\/Escutar-e-Proteger-65x65.jpg 65w, http:\/\/blitzconquista.com.br\/wp-content\/uploads\/2021\/05\/Escutar-e-Proteger-990x990.jpg 990w\" sizes=\"(max-width: 1024px) 100vw, 1024px\" \/><\/p>\n<p>O dia 18 de maio \u00e9 o Dia Nacional de Enfrentamento ao Abuso e Explora\u00e7\u00e3o Sexual Contra Crian\u00e7as e Adolescentes. Em Vit\u00f3ria da Conquista a data ser\u00e1 marcada pelo lan\u00e7amento da campanha municipal \u201cEscutar \u00e9 Proteger\u201d levando em considera\u00e7\u00e3o as orienta\u00e7\u00f5es da Lei n\u00ba 13.431\/2017, que trata da escuta protegida de crian\u00e7as e adolescentes v\u00edtimas ou testemunhas de viol\u00eancia, e do papel do Sistema de Garantia de Direitos em atender de forma qualificada, com garantia da integridade das v\u00edtimas, em ambiente acolhedor e uma atmosfera especialmente criada para que possam sentir-se seguras e protegidas.<\/p>\n<p>A Prefeitura, por meio da Secretaria Municipal de Desenvolvimento Social (Semdes) tem como objetivo mobilizar, sensibilizar, informar e convocar toda a sociedade a participar da luta em defesa dos direitos sexuais de crian\u00e7as e adolescentes garantindo o direito ao desenvolvimento de sua sexualidade de forma segura e protegida, livres do abuso e da explora\u00e7\u00e3o sexual.<\/p>\n<p>A campanha enfatiza a necessidade de que toda e qualquer escuta dever\u00e1 observar alguns aspectos que evitem a revitimiza\u00e7\u00e3o.<\/p>\n<p>As atividades ser\u00e3o realizadas, preponderantemente,de forma virtual, com o lan\u00e7amento marcado para esta ter\u00e7a-feira (18), \u00e0s 15h, com a participa\u00e7\u00e3o on-line de Maur\u00edcio Jos\u00e9 Silva Cunha, titular da Secretaria Nacional dos Direitos da Crian\u00e7a e do Adolescente, \u00f3rg\u00e3o do Minist\u00e9rio da Mulher, da Fam\u00edlia e dos Direitos Humanos, que ir\u00e1 abordar o tema do abuso e explora\u00e7\u00e3o sexual contra crian\u00e7a e adolescente, divulgando os dados mais recentes desta viola\u00e7\u00e3o de direitos, sinais identificadores de viol\u00eancia e orienta\u00e7\u00f5es \u00e0s fam\u00edlias de como proteg\u00ea-las.<\/p>\n<p>\u201cEntendemos que esta data n\u00e3o poderia ser abordada de uma forma diferente, estamos na reta final dos preparativos para entrega do Complexo de Escuta Protegida, que ir\u00e1 garantir mais prote\u00e7\u00e3o para crian\u00e7as adolescentes v\u00edtimas e testemunhas de viol\u00eancia, sobretudo a viol\u00eancia sexual, um problema presente em nossa sociedade que deve ser enfrentado por todos, por isso conclamo toda a popula\u00e7\u00e3o para colaborar, por meio de den\u00fancias, deste tipo de situa\u00e7\u00e3o\u201d, explicou o secret\u00e1rio de Desenvolvimento Social, Michael Farias.<\/p>\n<p>A viol\u00eancia sexual \u00e9 uma viola\u00e7\u00e3o dos direitos de crian\u00e7as e adolescentes, que se traduz pelo abuso e\/ou explora\u00e7\u00e3o do corpo e da sexualidade \u2013 seja pela for\u00e7a ou outra forma de coer\u00e7\u00e3o \u2013 ao envolver meninas e meninos em atividades sexuais impr\u00f3prias para sua idade cronol\u00f3gica ou a seu desenvolvimento f\u00edsico, psicol\u00f3gico e social. Em Vit\u00f3ria da Conquista, durante o ano de 2020, o Centro de Refer\u00eancia Especializado de Assist\u00eancia Social (Creas) atendeu 103 crian\u00e7as e adolescentes v\u00edtimas de abuso sexual e 13 v\u00edtimas de explora\u00e7\u00e3o sexual. Das 116 v\u00edtimas, a maioria est\u00e1 na faixa et\u00e1ria entre 0 a 12 anos.<\/p>\n<h3>Programa\u00e7\u00e3o:<\/h3>\n<p><strong>Dia 18 (ter\u00e7a-feira) \u2013 15:00<\/strong><\/p>\n<p>Lan\u00e7amento da Campanha<br \/>\nA\u00e7\u00e3o: Lan\u00e7amento da Campanha Escutar \u00e9 Proteger com a participa\u00e7\u00e3o on-line do secret\u00e1rio Nacional dos Direitos da Crian\u00e7a e do Adolescente;<br \/>\nPlataforma: YouTube no canal da PMVC.<\/p>\n<p><strong>Dia 24 (segunda-feira) \u2013 15:00<\/strong><\/p>\n<p>A\u00e7\u00e3o: Webin\u00e1rio com o tema Escuta especializada no \u00e2mbito da pol\u00edtica de educa\u00e7\u00e3o.<br \/>\nPlataforma: YouTube no canal da PMVC.<br \/>\nExpositora: Ionaria Guerra de Ara\u00fajo, mestra em Psicologia pela Universidade Cat\u00f3lica de Bras\u00edlia-UCB. Educadora, atua como orientadora educacional na rede p\u00fablica de ensino do Distrito Federal. Possui Especializa\u00e7\u00e3o em Direitos Humanos; Gest\u00e3o e Orienta\u00e7\u00e3o Educacional; Psicopedagogia Cl\u00ednica e Institucional e em L\u00edngua Portuguesa e Literatura. Educadora licenciada em Pedagogia e Letras Portugu\u00eas\/Ingl\u00eas. Ativista e pesquisadora na \u00e1rea de Direitos da Crian\u00e7a e do Adolescente, Direitos Humanos e Cidadania. Membro do Instituto dos Direitos da Crian\u00e7a e do Adolescente (INDICA).<\/p>\n<p>Mediador: Carlos Alberto Maciel Publio \u2013 coordenador do N\u00facleo de Defesa da Crian\u00e7a e do Adolescente da Universidade Estadual do Sudoeste da Bahia.<\/p>\n<p><strong>Dia 26 (quarta-feira) \u2013 09:00<\/strong><\/p>\n<p>A\u00e7\u00e3o: Forma\u00e7\u00e3o para os Agentes Comunit\u00e1rios de Sa\u00fade sobre tipos de viol\u00eancia, identifica\u00e7\u00e3o dos sinais de viol\u00eancia e atribui\u00e7\u00f5es do Conselho Tutelar.<br \/>\nForma de realiza\u00e7\u00e3o: Virtual<br \/>\nPlataforma: Canal do Youtube da PMVC<br \/>\nFacilitadoras: Luanna Lua \u2013 Psic\u00f3loga e Mestranda em Psicologia da Sa\u00fade (UFBA \u2013 IMS\/CAT) e Dayane Santiago \u2013 Conselheira Tutelar<\/p>\n<p><strong>Dia 28 (sexta-feira) \u2013 15:00<\/strong><\/p>\n<p>A\u00e7\u00e3o: A escuta especializada no SUAS: Dimens\u00f5es te\u00f3ricas e metodol\u00f3gicas.<br \/>\nPlataforma: Youtube<br \/>\nMediador: Michael Farias Alencar Lima<br \/>\nFacilitadora: M\u00e1rcia P\u00e1dua Viana, assistente Social, mestre em pol\u00edticas p\u00fablicas e desenvolvimento pelo IPEA, coordenadora-geral de Servi\u00e7os Especializados a Fam\u00edlias e Indiv\u00edduos, Departamento de Prote\u00e7\u00e3o Social Especial do Minist\u00e9rios da Cidadania.<\/p>\n<p><strong>Dia 31 (segunda-feira) \u2013 14:30<\/strong><\/p>\n<p>A\u00e7\u00e3o: Forma\u00e7\u00e3o para os professores da rede municipal de ensino sobre tipos de viol\u00eancia, identifica\u00e7\u00e3o dos sinais de viol\u00eancia e atribui\u00e7\u00f5es do Conselho Tutelar.<br \/>\nPlataforma: Canal do Youtube da PMVC<br \/>\nFacilitadoras: Luanna Lua \u2013 Psic\u00f3loga e Mestranda em Psicologia da Sa\u00fade (UFBA \u2013IMS\/CAT) e Poliane Sousa \u2013 Conselheira Tutelar<br \/>\nMediadora: Natilaane Brito<\/p>\n<p><strong>De 18 a 31 de maio<\/strong><\/p>\n<p>A\u00e7\u00e3o: Exposi\u00e7\u00e3o de curta metragem nas aulas on-line da rede educacional com a participa\u00e7\u00e3o de Dra. Rosilene Moreira (delegada do N\u00facleo da Crian\u00e7a e Adolescente da Pol\u00edcia Civil) que falar\u00e1 sobre formas e canais de den\u00fancia; representante do Conselho Tutelar que abordar\u00e1 sobre o papel e as atribui\u00e7\u00f5es dos Conselhos Tutelares enquanto \u00f3rg\u00e3o de prote\u00e7\u00e3o dos direitos da crian\u00e7a e do adolescente.<br \/>\nPlataforma: Sistema virtual de aulas escolares virtuais<br \/>\nFacilitadores: Professores da rede municipal<br \/>\nP\u00fablico: Alunos da rede municipal de ensino<\/p>\n<p>&nbsp;<\/p>\n<p>Fonte: Secom &#8211; PMVC<\/p>\n","protected":false},"excerpt":{"rendered":"<p>O dia 18 de maio \u00e9 o Dia Nacional de Enfrentamento ao Abuso e Explora\u00e7\u00e3o Sexual Contra Crian\u00e7as e Adolescentes. Em Vit\u00f3ria da Conquista a data ser\u00e1 marcada pelo lan\u00e7amento da campanha municipal \u201cEscutar \u00e9 Proteger\u201d levando em considera\u00e7\u00e3o as orienta\u00e7\u00f5es da Lei n\u00ba 13.431\/2017, que trata da escuta protegida de crian\u00e7as e adolescentes v\u00edtimas [&hellip;]<\/p>\n","protected":false},"author":1,"featured_media":102199,"comment_status":"closed","ping_status":"closed","sticky":false,"template":"","format":"standard","meta":[],"categories":[4,212],"tags":[],"_links":{"self":[{"href":"http:\/\/blitzconquista.com.br\/index.php?rest_route=\/wp\/v2\/posts\/102197"}],"collection":[{"href":"http:\/\/blitzconquista.com.br\/index.php?rest_route=\/wp\/v2\/posts"}],"about":[{"href":"http:\/\/blitzconquista.com.br\/index.php?rest_route=\/wp\/v2\/types\/post"}],"author":[{"embeddable":true,"href":"http:\/\/blitzconquista.com.br\/index.php?rest_route=\/wp\/v2\/users\/1"}],"replies":[{"embeddable":true,"href":"http:\/\/blitzconquista.com.br\/index.php?rest_route=%2Fwp%2Fv2%2Fcomments&post=102197"}],"version-history":[{"count":1,"href":"http:\/\/blitzconquista.com.br\/index.php?rest_route=\/wp\/v2\/posts\/102197\/revisions"}],"predecessor-version":[{"id":102200,"href":"http:\/\/blitzconquista.com.br\/index.php?rest_route=\/wp\/v2\/posts\/102197\/revisions\/102200"}],"wp:featuredmedia":[{"embeddable":true,"href":"http:\/\/blitzconquista.com.br\/index.php?rest_route=\/wp\/v2\/media\/102199"}],"wp:attachment":[{"href":"http:\/\/blitzconquista.com.br\/index.php?rest_route=%2Fwp%2Fv2%2Fmedia&parent=102197"}],"wp:term":[{"taxonomy":"category","embeddable":true,"href":"http:\/\/blitzconquista.com.br\/index.php?rest_route=%2Fwp%2Fv2%2Fcategories&post=102197"},{"taxonomy":"post_tag","embeddable":true,"href":"http:\/\/blitzconquista.com.br\/index.php?rest_route=%2Fwp%2Fv2%2Ftags&post=102197"}],"curies":[{"name":"wp","href":"https:\/\/api.w.org\/{rel}","templated":true}]}}