{"id":102243,"date":"2021-05-17T20:09:02","date_gmt":"2021-05-17T23:09:02","guid":{"rendered":"http:\/\/blitzconquista.com.br\/?p=102243"},"modified":"2021-05-17T20:09:02","modified_gmt":"2021-05-17T23:09:02","slug":"servico-de-ampliacao-reduzira-temporariamente-abastecimento-na-lagoa-das-flores-e-distrito-industrial-nesta-terca-18","status":"publish","type":"post","link":"http:\/\/blitzconquista.com.br\/?p=102243","title":{"rendered":"Servi\u00e7o de amplia\u00e7\u00e3o reduzir\u00e1 temporariamente abastecimento na Lagoa das Flores e Distrito Industrial nesta ter\u00e7a (18)"},"content":{"rendered":"<header>\n<div><\/div>\n<div class=\"well well-sm\">\n<div class=\"botao-social pull-left\">\n<div class=\"g-plusone\" data-size=\"medium\" data-width=\"300\" data-href=\"http:\/\/www.blogdopaulonunes.com\/v4\/?p=48374\" data-gapiscan=\"true\" data-onload=\"true\" data-gapistub=\"true\"><\/div>\n<\/div>\n<div class=\"social\">\n<div class=\"clearfix\"><\/div>\n<\/div>\n<\/div>\n<\/header>\n<div class=\"entry-content\">\n<p><img decoding=\"async\" loading=\"lazy\" class=\"aligncenter size-full wp-image-102246\" src=\"http:\/\/blitzconquista.com.br\/wp-content\/uploads\/2021\/05\/lagoa-das-flores-1.jpg\" alt=\"\" width=\"800\" height=\"600\" srcset=\"http:\/\/blitzconquista.com.br\/wp-content\/uploads\/2021\/05\/lagoa-das-flores-1.jpg 800w, http:\/\/blitzconquista.com.br\/wp-content\/uploads\/2021\/05\/lagoa-das-flores-1-300x225.jpg 300w, http:\/\/blitzconquista.com.br\/wp-content\/uploads\/2021\/05\/lagoa-das-flores-1-695x521.jpg 695w, http:\/\/blitzconquista.com.br\/wp-content\/uploads\/2021\/05\/lagoa-das-flores-1-768x576.jpg 768w, http:\/\/blitzconquista.com.br\/wp-content\/uploads\/2021\/05\/lagoa-das-flores-1-74x55.jpg 74w, http:\/\/blitzconquista.com.br\/wp-content\/uploads\/2021\/05\/lagoa-das-flores-1-111x83.jpg 111w, http:\/\/blitzconquista.com.br\/wp-content\/uploads\/2021\/05\/lagoa-das-flores-1-215x161.jpg 215w\" sizes=\"(max-width: 800px) 100vw, 800px\" \/><\/p>\n<p>A Empresa Baiana de \u00c1guas e Saneamento (Embasa) informa que durante a realiza\u00e7\u00e3o de servi\u00e7o de interliga\u00e7\u00e3o da nova adutora que abastecer\u00e1 a Lagoa das Flores e o Distrito Industrial, o abastecimento ser\u00e1 interrompido das 8h \u00e0s 18h desta ter\u00e7a (18\/05) nesta regi\u00e3o. A distribui\u00e7\u00e3o de \u00e1gua tratada ser\u00e1 restabelecida ap\u00f3s a conclus\u00e3o do servi\u00e7o e regularizada gradativamente em at\u00e9 48 horas.<\/p>\n<p>O servi\u00e7o faz parte das obras de amplia\u00e7\u00e3o do Sistema Integrado de Abastecimento de \u00c1gua de Vit\u00f3ria da Conquista (SIAA), cujo investimento da ordem de R$ 80 milh\u00f5es possibilitar\u00e1 melhorias na distribui\u00e7\u00e3o de \u00e1gua tratada no munic\u00edpio.<\/p>\n<p>Durante a realiza\u00e7\u00e3o do servi\u00e7o, os moradores desta regi\u00e3o devem consumir de forma criteriosa a \u00e1gua armazenada nos reservat\u00f3rios domiciliares, evitando todas as formas de desperd\u00edcio. A Embasa lembra que os im\u00f3veis devem possuir reservat\u00f3rios com capacidade suficiente para o atendimento das necessidades di\u00e1rias de consumo de seus ocupantes.<\/p>\n<\/div>\n","protected":false},"excerpt":{"rendered":"<p>A Empresa Baiana de \u00c1guas e Saneamento (Embasa) informa que durante a realiza\u00e7\u00e3o de servi\u00e7o de interliga\u00e7\u00e3o da nova adutora que abastecer\u00e1 a Lagoa das Flores e o Distrito Industrial, o abastecimento ser\u00e1 interrompido das 8h \u00e0s 18h desta ter\u00e7a (18\/05) nesta regi\u00e3o. A distribui\u00e7\u00e3o de \u00e1gua tratada ser\u00e1 restabelecida ap\u00f3s a conclus\u00e3o do servi\u00e7o [&hellip;]<\/p>\n","protected":false},"author":1,"featured_media":102246,"comment_status":"closed","ping_status":"closed","sticky":false,"template":"","format":"standard","meta":[],"categories":[4],"tags":[],"_links":{"self":[{"href":"http:\/\/blitzconquista.com.br\/index.php?rest_route=\/wp\/v2\/posts\/102243"}],"collection":[{"href":"http:\/\/blitzconquista.com.br\/index.php?rest_route=\/wp\/v2\/posts"}],"about":[{"href":"http:\/\/blitzconquista.com.br\/index.php?rest_route=\/wp\/v2\/types\/post"}],"author":[{"embeddable":true,"href":"http:\/\/blitzconquista.com.br\/index.php?rest_route=\/wp\/v2\/users\/1"}],"replies":[{"embeddable":true,"href":"http:\/\/blitzconquista.com.br\/index.php?rest_route=%2Fwp%2Fv2%2Fcomments&post=102243"}],"version-history":[{"count":1,"href":"http:\/\/blitzconquista.com.br\/index.php?rest_route=\/wp\/v2\/posts\/102243\/revisions"}],"predecessor-version":[{"id":102247,"href":"http:\/\/blitzconquista.com.br\/index.php?rest_route=\/wp\/v2\/posts\/102243\/revisions\/102247"}],"wp:featuredmedia":[{"embeddable":true,"href":"http:\/\/blitzconquista.com.br\/index.php?rest_route=\/wp\/v2\/media\/102246"}],"wp:attachment":[{"href":"http:\/\/blitzconquista.com.br\/index.php?rest_route=%2Fwp%2Fv2%2Fmedia&parent=102243"}],"wp:term":[{"taxonomy":"category","embeddable":true,"href":"http:\/\/blitzconquista.com.br\/index.php?rest_route=%2Fwp%2Fv2%2Fcategories&post=102243"},{"taxonomy":"post_tag","embeddable":true,"href":"http:\/\/blitzconquista.com.br\/index.php?rest_route=%2Fwp%2Fv2%2Ftags&post=102243"}],"curies":[{"name":"wp","href":"https:\/\/api.w.org\/{rel}","templated":true}]}}