{"id":102682,"date":"2021-06-11T19:07:16","date_gmt":"2021-06-11T22:07:16","guid":{"rendered":"http:\/\/blitzconquista.com.br\/?p=102682"},"modified":"2021-06-11T19:07:16","modified_gmt":"2021-06-11T22:07:16","slug":"prf-flagra-avo-inabilitada-transportando-crianca-de-2-anos-em-motoneta-na-br-367","status":"publish","type":"post","link":"http:\/\/blitzconquista.com.br\/?p=102682","title":{"rendered":"PRF flagra av\u00f3 inabilitada transportando crian\u00e7a de 2 anos em motoneta na BR 367"},"content":{"rendered":"<h3 class=\"documentDescription\" style=\"text-align: center;\">A crian\u00e7a 2 anos estava amarrada na cintura da av\u00f3 com uma camisa e sem qualquer equipamento de seguran\u00e7a. Vale ressaltar que transportar crian\u00e7a menor de 10 anos em motocicleta caracteriza infra\u00e7\u00e3o de natureza grav\u00edssima.<\/h3>\n<figure id=\"attachment_102685\" aria-describedby=\"caption-attachment-102685\" style=\"width: 768px\" class=\"wp-caption aligncenter\"><img decoding=\"async\" loading=\"lazy\" class=\"wp-image-102685 size-full\" src=\"http:\/\/blitzconquista.com.br\/wp-content\/uploads\/2021\/06\/PRF-Avo-sem-CNH-e-com-crianca-em-motocicleta.jpeg\" alt=\"\" width=\"768\" height=\"768\" srcset=\"http:\/\/blitzconquista.com.br\/wp-content\/uploads\/2021\/06\/PRF-Avo-sem-CNH-e-com-crianca-em-motocicleta.jpeg 768w, http:\/\/blitzconquista.com.br\/wp-content\/uploads\/2021\/06\/PRF-Avo-sem-CNH-e-com-crianca-em-motocicleta-300x300.jpeg 300w, http:\/\/blitzconquista.com.br\/wp-content\/uploads\/2021\/06\/PRF-Avo-sem-CNH-e-com-crianca-em-motocicleta-653x653.jpeg 653w, http:\/\/blitzconquista.com.br\/wp-content\/uploads\/2021\/06\/PRF-Avo-sem-CNH-e-com-crianca-em-motocicleta-150x150.jpeg 150w, http:\/\/blitzconquista.com.br\/wp-content\/uploads\/2021\/06\/PRF-Avo-sem-CNH-e-com-crianca-em-motocicleta-65x65.jpeg 65w\" sizes=\"(max-width: 768px) 100vw, 768px\" \/><figcaption id=\"caption-attachment-102685\" class=\"wp-caption-text\">PRF flagra av\u00f3 inabilitada transportando crian\u00e7a de 2 anos em motoneta na BR 367<\/figcaption><\/figure>\n<div id=\"content-core\">\n<div id=\"parent-fieldname-text\" class=\"\">\n<div>\n<p align=\"justify\">A Pol\u00edcia Rodovi\u00e1ria Federal (PRF) flagrou uma situa\u00e7\u00e3o de extremo risco na tarde desta quinta-feira (10), em Eun\u00e1polis, no extremo sul baiano.<\/p>\n<p align=\"justify\">Equipe do Grupo de Fiscaliza\u00e7\u00e3o de Tr\u00e2nsito e Transportes (GFT BA) realizava fiscaliza\u00e7\u00e3o de tr\u00e2nsito na altura do quil\u00f4metro 82 da BR 367, quando visualizaram o condutor de uma motoneta Honda\/Biz 110 transportando uma crian\u00e7a na moto sem qualquer equipamento de seguran\u00e7a.<\/p>\n<p align=\"justify\">Os PRFs, percebendo a situa\u00e7\u00e3o clara de perigo, interceptaram o ve\u00edculo e constataram que a menor de apenas 2 anos de idade era neta da condutora que n\u00e3o possu\u00ed carteira de habilita\u00e7\u00e3o. A crian\u00e7a estava amarrada na cintura da av\u00f3 com uma camisa.<\/p>\n<p align=\"justify\">Vale ressaltar que transportar crian\u00e7a menor de 10 anos em motocicleta caracteriza infra\u00e7\u00e3o de natureza grav\u00edssima.<\/p>\n<p align=\"justify\">A infratora, foi autuada e os policiais rodovi\u00e1rios federais emitiram as notifica\u00e7\u00f5es previstas nos artigos 162 I; 230, inciso V e mais o inciso V do art. 244 todos amparados na Lei 9.503\/97 do C\u00f3digo de Tr\u00e2nsito Brasileiro (CTB), quais sejam:<\/p>\n<ul>\n<li>\n<p align=\"justify\">Dirigir ve\u00edculo sem possuir CNH;<\/p>\n<\/li>\n<li>\n<p align=\"justify\">Conduzir o ve\u00edculo registrado que n\u00e3o esteja devidamente licenciado;<\/p>\n<\/li>\n<li>\n<p align=\"justify\">Conduzir motocicleta, motoneta e ciclomotor transportando menor de 10 anos.<\/p>\n<\/li>\n<\/ul>\n<p align=\"justify\">As multas somaram R$ 1.467,35 e a motoneta foi recolhida ao p\u00e1tio contratado da PRF em raz\u00e3o do licenciamento atrasado.<\/p>\n<p align=\"justify\"><strong>Fonte:<\/strong> <strong>Assessoria de Comunica\u00e7\u00e3o da PRF-BA<\/strong><\/p>\n<\/div>\n<\/div>\n<\/div>\n","protected":false},"excerpt":{"rendered":"<p>A crian\u00e7a 2 anos estava amarrada na cintura da av\u00f3 com uma camisa e sem qualquer equipamento de seguran\u00e7a. Vale ressaltar que transportar crian\u00e7a menor de 10 anos em motocicleta caracteriza infra\u00e7\u00e3o de natureza grav\u00edssima. A Pol\u00edcia Rodovi\u00e1ria Federal (PRF) flagrou uma situa\u00e7\u00e3o de extremo risco na tarde desta quinta-feira (10), em Eun\u00e1polis, no extremo [&hellip;]<\/p>\n","protected":false},"author":1,"featured_media":102685,"comment_status":"closed","ping_status":"closed","sticky":false,"template":"","format":"standard","meta":[],"categories":[7],"tags":[],"_links":{"self":[{"href":"http:\/\/blitzconquista.com.br\/index.php?rest_route=\/wp\/v2\/posts\/102682"}],"collection":[{"href":"http:\/\/blitzconquista.com.br\/index.php?rest_route=\/wp\/v2\/posts"}],"about":[{"href":"http:\/\/blitzconquista.com.br\/index.php?rest_route=\/wp\/v2\/types\/post"}],"author":[{"embeddable":true,"href":"http:\/\/blitzconquista.com.br\/index.php?rest_route=\/wp\/v2\/users\/1"}],"replies":[{"embeddable":true,"href":"http:\/\/blitzconquista.com.br\/index.php?rest_route=%2Fwp%2Fv2%2Fcomments&post=102682"}],"version-history":[{"count":1,"href":"http:\/\/blitzconquista.com.br\/index.php?rest_route=\/wp\/v2\/posts\/102682\/revisions"}],"predecessor-version":[{"id":102686,"href":"http:\/\/blitzconquista.com.br\/index.php?rest_route=\/wp\/v2\/posts\/102682\/revisions\/102686"}],"wp:featuredmedia":[{"embeddable":true,"href":"http:\/\/blitzconquista.com.br\/index.php?rest_route=\/wp\/v2\/media\/102685"}],"wp:attachment":[{"href":"http:\/\/blitzconquista.com.br\/index.php?rest_route=%2Fwp%2Fv2%2Fmedia&parent=102682"}],"wp:term":[{"taxonomy":"category","embeddable":true,"href":"http:\/\/blitzconquista.com.br\/index.php?rest_route=%2Fwp%2Fv2%2Fcategories&post=102682"},{"taxonomy":"post_tag","embeddable":true,"href":"http:\/\/blitzconquista.com.br\/index.php?rest_route=%2Fwp%2Fv2%2Ftags&post=102682"}],"curies":[{"name":"wp","href":"https:\/\/api.w.org\/{rel}","templated":true}]}}