{"id":104839,"date":"2021-08-04T11:40:10","date_gmt":"2021-08-04T14:40:10","guid":{"rendered":"http:\/\/blitzconquista.com.br\/?p=104839"},"modified":"2021-08-04T11:40:10","modified_gmt":"2021-08-04T14:40:10","slug":"precos-do-cafe-e-acucar-em-alta-milho-em-queda-nesta-quarta-feira-04","status":"publish","type":"post","link":"http:\/\/blitzconquista.com.br\/?p=104839","title":{"rendered":"Pre\u00e7os do caf\u00e9 e a\u00e7\u00facar em alta. Milho em queda, nesta quarta-feira (04)"},"content":{"rendered":"<h3 class=\"notices-list__blog-card__summary\" style=\"text-align: center;\">Os pre\u00e7os da saca de 60 quilos do caf\u00e9 ar\u00e1bica e do a\u00e7\u00facar tiveram alta, nesta quarta-feira (04). O valor da saca do milho teve queda.<\/h3>\n<figure id=\"attachment_97657\" aria-describedby=\"caption-attachment-97657\" style=\"width: 2048px\" class=\"wp-caption aligncenter\"><img decoding=\"async\" loading=\"lazy\" class=\"wp-image-97657 size-full\" src=\"http:\/\/blitzconquista.com.br\/wp-content\/uploads\/2021\/02\/Indicadores-Caf\u00e94-23.jpg\" alt=\"\" width=\"2048\" height=\"1365\" srcset=\"http:\/\/blitzconquista.com.br\/wp-content\/uploads\/2021\/02\/Indicadores-Caf\u00e94-23.jpg 2048w, http:\/\/blitzconquista.com.br\/wp-content\/uploads\/2021\/02\/Indicadores-Caf\u00e94-23-300x200.jpg 300w, http:\/\/blitzconquista.com.br\/wp-content\/uploads\/2021\/02\/Indicadores-Caf\u00e94-23-695x463.jpg 695w, http:\/\/blitzconquista.com.br\/wp-content\/uploads\/2021\/02\/Indicadores-Caf\u00e94-23-768x512.jpg 768w, http:\/\/blitzconquista.com.br\/wp-content\/uploads\/2021\/02\/Indicadores-Caf\u00e94-23-1536x1024.jpg 1536w, http:\/\/blitzconquista.com.br\/wp-content\/uploads\/2021\/02\/Indicadores-Caf\u00e94-23-414x276.jpg 414w, http:\/\/blitzconquista.com.br\/wp-content\/uploads\/2021\/02\/Indicadores-Caf\u00e94-23-470x313.jpg 470w, http:\/\/blitzconquista.com.br\/wp-content\/uploads\/2021\/02\/Indicadores-Caf\u00e94-23-640x426.jpg 640w, http:\/\/blitzconquista.com.br\/wp-content\/uploads\/2021\/02\/Indicadores-Caf\u00e94-23-130x86.jpg 130w, http:\/\/blitzconquista.com.br\/wp-content\/uploads\/2021\/02\/Indicadores-Caf\u00e94-23-187x124.jpg 187w, http:\/\/blitzconquista.com.br\/wp-content\/uploads\/2021\/02\/Indicadores-Caf\u00e94-23-990x660.jpg 990w, http:\/\/blitzconquista.com.br\/wp-content\/uploads\/2021\/02\/Indicadores-Caf\u00e94-23-1320x880.jpg 1320w\" sizes=\"(max-width: 2048px) 100vw, 2048px\" \/><figcaption id=\"caption-attachment-97657\" class=\"wp-caption-text\">Foto: Arquivo\/CNA<\/figcaption><\/figure>\n<div id=\"js-text-clipboard\" class=\"notice-content__show js-notice-expand js-permit-copy fix-height\">\n<p>O pre\u00e7o da saca de 60 quilos do caf\u00e9 ar\u00e1bica teve alta de 2,5%, nesta quarta-feira (04), em S\u00e3o Paulo, com venda a R$ 990,47. O pre\u00e7o da saca de caf\u00e9 robusta tamb\u00e9m teve alta de quase 3%, com venda a R$ 594,93.<\/p>\n<p>O valor da saca do a\u00e7\u00facar cristal teve alta de quase 1%, em S\u00e3o Paulo, sendo comercializada a R$ 119,78. Em Ribeir\u00e3o Preto (SP), a saca do a\u00e7\u00facar bruto \u00e9 vendida a R$ 119, a R$ 120 no Tri\u00e2ngulo Mineiro e a R$ 122 em Maring\u00e1 (PR).<\/p>\n<p>O pre\u00e7o da saca do milho teve queda de 0,5% sendo comercializada a R$ 100,96, em S\u00e3o Paulo. Em Rio Verde (GO), a saca do milho tem cota\u00e7\u00e3o de R$ 92; em Erechim (RS) a R$ 101 e em Cascavel (PR), a R$ 100.<\/p>\n<p>Os valores s\u00e3o do <a href=\"https:\/\/www.canalrural.com.br\/\">Canal Rural<\/a> e <a href=\"https:\/\/cepea.esalq.usp.br\/br\">Cepea<\/a>.\n<\/div>\n","protected":false},"excerpt":{"rendered":"<p>Os pre\u00e7os da saca de 60 quilos do caf\u00e9 ar\u00e1bica e do a\u00e7\u00facar tiveram alta, nesta quarta-feira (04). O valor da saca do milho teve queda. O pre\u00e7o da saca de 60 quilos do caf\u00e9 ar\u00e1bica teve alta de 2,5%, nesta quarta-feira (04), em S\u00e3o Paulo, com venda a R$ 990,47. O pre\u00e7o da saca [&hellip;]<\/p>\n","protected":false},"author":1,"featured_media":97657,"comment_status":"closed","ping_status":"closed","sticky":false,"template":"","format":"standard","meta":[],"categories":[4],"tags":[],"_links":{"self":[{"href":"http:\/\/blitzconquista.com.br\/index.php?rest_route=\/wp\/v2\/posts\/104839"}],"collection":[{"href":"http:\/\/blitzconquista.com.br\/index.php?rest_route=\/wp\/v2\/posts"}],"about":[{"href":"http:\/\/blitzconquista.com.br\/index.php?rest_route=\/wp\/v2\/types\/post"}],"author":[{"embeddable":true,"href":"http:\/\/blitzconquista.com.br\/index.php?rest_route=\/wp\/v2\/users\/1"}],"replies":[{"embeddable":true,"href":"http:\/\/blitzconquista.com.br\/index.php?rest_route=%2Fwp%2Fv2%2Fcomments&post=104839"}],"version-history":[{"count":1,"href":"http:\/\/blitzconquista.com.br\/index.php?rest_route=\/wp\/v2\/posts\/104839\/revisions"}],"predecessor-version":[{"id":104841,"href":"http:\/\/blitzconquista.com.br\/index.php?rest_route=\/wp\/v2\/posts\/104839\/revisions\/104841"}],"wp:featuredmedia":[{"embeddable":true,"href":"http:\/\/blitzconquista.com.br\/index.php?rest_route=\/wp\/v2\/media\/97657"}],"wp:attachment":[{"href":"http:\/\/blitzconquista.com.br\/index.php?rest_route=%2Fwp%2Fv2%2Fmedia&parent=104839"}],"wp:term":[{"taxonomy":"category","embeddable":true,"href":"http:\/\/blitzconquista.com.br\/index.php?rest_route=%2Fwp%2Fv2%2Fcategories&post=104839"},{"taxonomy":"post_tag","embeddable":true,"href":"http:\/\/blitzconquista.com.br\/index.php?rest_route=%2Fwp%2Fv2%2Ftags&post=104839"}],"curies":[{"name":"wp","href":"https:\/\/api.w.org\/{rel}","templated":true}]}}