{"id":105362,"date":"2021-08-19T12:26:02","date_gmt":"2021-08-19T15:26:02","guid":{"rendered":"http:\/\/blitzconquista.com.br\/?p=105362"},"modified":"2021-08-19T12:26:02","modified_gmt":"2021-08-19T15:26:02","slug":"selo-educadora-independente-vai-apoiar-lancamentos-de-musicas-na-bahia","status":"publish","type":"post","link":"http:\/\/blitzconquista.com.br\/?p=105362","title":{"rendered":"Selo Educadora Independente vai apoiar lan\u00e7amentos de m\u00fasicas na Bahia"},"content":{"rendered":"<p><img decoding=\"async\" loading=\"lazy\" class=\"aligncenter size-full wp-image-105364\" src=\"http:\/\/blitzconquista.com.br\/wp-content\/uploads\/2021\/08\/Selo-Educadora-Independente-CARD.jpeg\" alt=\"\" width=\"1000\" height=\"1000\" srcset=\"http:\/\/blitzconquista.com.br\/wp-content\/uploads\/2021\/08\/Selo-Educadora-Independente-CARD.jpeg 1000w, http:\/\/blitzconquista.com.br\/wp-content\/uploads\/2021\/08\/Selo-Educadora-Independente-CARD-300x300.jpeg 300w, http:\/\/blitzconquista.com.br\/wp-content\/uploads\/2021\/08\/Selo-Educadora-Independente-CARD-653x653.jpeg 653w, http:\/\/blitzconquista.com.br\/wp-content\/uploads\/2021\/08\/Selo-Educadora-Independente-CARD-150x150.jpeg 150w, http:\/\/blitzconquista.com.br\/wp-content\/uploads\/2021\/08\/Selo-Educadora-Independente-CARD-768x768.jpeg 768w, http:\/\/blitzconquista.com.br\/wp-content\/uploads\/2021\/08\/Selo-Educadora-Independente-CARD-65x65.jpeg 65w, http:\/\/blitzconquista.com.br\/wp-content\/uploads\/2021\/08\/Selo-Educadora-Independente-CARD-990x990.jpeg 990w\" sizes=\"(max-width: 1000px) 100vw, 1000px\" \/><\/p>\n<p>Os m\u00fasicos e grupos que realizar\u00e3o lan\u00e7amentos independentes de \u00e1lbuns ou EPs podem solicitar apoio para a promo\u00e7\u00e3o de suas novas composi\u00e7\u00f5es atrav\u00e9s do Selo Educadora Independente. A divulga\u00e7\u00e3o de cada trabalho contar\u00e1 com a articula\u00e7\u00e3o conjunta entre a R\u00e1dio Educadora FM, a TVE e as redes sociais das emissoras p\u00fablicas baianas. A primeira a\u00e7\u00e3o do Selo Educadora Independente acontece a partir desta segunda-feira (26\/07) com o apoio ao lan\u00e7amento do \u00e1lbum \u00c0j\u00f2, de Lazzo Matumbi, que celebra 40 anos de carreira.<\/p>\n<p>O apoio aos m\u00fasicos inclui a programa\u00e7\u00e3o das composi\u00e7\u00f5es na R\u00e1dio, a veicula\u00e7\u00e3o de spots e vt\u00b4s divulgando na R\u00e1dio e na TV o acesso as plataformas digitais dos artistas e a participa\u00e7\u00e3o em programas musicais, jornal\u00edsticos e de variedades das emissoras, com entrevistas e apresenta\u00e7\u00f5es do novo trabalho fonogr\u00e1fico.<\/p>\n<p>Para solicitar o apoio, os interessados devem acessar o site da R\u00e1dio Educadora FM (https:\/\/www.educadorafm.ba.gov.br), clicar em Selo Educadora Independente, preencher o formul\u00e1rio e apresentar os materiais at\u00e9 o dia 10 de cada m\u00eas. Na primeira temporada, o Selo Educadora Independente promover\u00e1 at\u00e9 14 produtos fonogr\u00e1ficos (\u00e1lbuns ou EPs com no m\u00ednimo 5 m\u00fasicas), com 2 lan\u00e7amentos por m\u00eas, entre setembro de 2021 e mar\u00e7o de 2022. A defini\u00e7\u00e3o dos 2 lan\u00e7amentos a obterem apoio, a cada m\u00eas, se dar\u00e1 a partir das solicita\u00e7\u00f5es realizadas no m\u00eas anterior. Ap\u00f3s o preenchimento do formul\u00e1rio no site e upload dos materiais ser\u00e1 realizada uma sele\u00e7\u00e3o pela equipe da R\u00e1dio Educadora FM e reuni\u00f5es para tratar das a\u00e7\u00f5es de promo\u00e7\u00e3o ao conte\u00fado musical.<\/p>\n<p>Entre os 14 artistas, ser\u00e3o selecionadas 7 mulheres e 7 homens, cis ou transg\u00eanero, condicionados \u00e0 exist\u00eancia de propostas habilitadas. Ser\u00e3o selecionados, no m\u00ednimo, 8 artistas negros ou afrodescendentes e ind\u00edgenas. No caso de grupos musicais ser\u00e3o considerados g\u00eanero e etnia da lideran\u00e7a (do grupo musical).<\/p>\n<p>Mais informa\u00e7\u00f5es https:\/\/www.educadorafm.ba.gov.br<\/p>\n<p>Acompanhe a Educadora FM nas redes sociais\u200b:<\/p>\n<p>instagram.com\/educadorafmba<br \/>\nfacebook.com\/educadorafmba<br \/>\ntwitter.com\/educadorafmba<\/p>\n","protected":false},"excerpt":{"rendered":"<p>Os m\u00fasicos e grupos que realizar\u00e3o lan\u00e7amentos independentes de \u00e1lbuns ou EPs podem solicitar apoio para a promo\u00e7\u00e3o de suas novas composi\u00e7\u00f5es atrav\u00e9s do Selo Educadora Independente. A divulga\u00e7\u00e3o de cada trabalho contar\u00e1 com a articula\u00e7\u00e3o conjunta entre a R\u00e1dio Educadora FM, a TVE e as redes sociais das emissoras p\u00fablicas baianas. A primeira a\u00e7\u00e3o [&hellip;]<\/p>\n","protected":false},"author":1,"featured_media":105364,"comment_status":"closed","ping_status":"closed","sticky":false,"template":"","format":"standard","meta":[],"categories":[4],"tags":[],"_links":{"self":[{"href":"http:\/\/blitzconquista.com.br\/index.php?rest_route=\/wp\/v2\/posts\/105362"}],"collection":[{"href":"http:\/\/blitzconquista.com.br\/index.php?rest_route=\/wp\/v2\/posts"}],"about":[{"href":"http:\/\/blitzconquista.com.br\/index.php?rest_route=\/wp\/v2\/types\/post"}],"author":[{"embeddable":true,"href":"http:\/\/blitzconquista.com.br\/index.php?rest_route=\/wp\/v2\/users\/1"}],"replies":[{"embeddable":true,"href":"http:\/\/blitzconquista.com.br\/index.php?rest_route=%2Fwp%2Fv2%2Fcomments&post=105362"}],"version-history":[{"count":1,"href":"http:\/\/blitzconquista.com.br\/index.php?rest_route=\/wp\/v2\/posts\/105362\/revisions"}],"predecessor-version":[{"id":105365,"href":"http:\/\/blitzconquista.com.br\/index.php?rest_route=\/wp\/v2\/posts\/105362\/revisions\/105365"}],"wp:featuredmedia":[{"embeddable":true,"href":"http:\/\/blitzconquista.com.br\/index.php?rest_route=\/wp\/v2\/media\/105364"}],"wp:attachment":[{"href":"http:\/\/blitzconquista.com.br\/index.php?rest_route=%2Fwp%2Fv2%2Fmedia&parent=105362"}],"wp:term":[{"taxonomy":"category","embeddable":true,"href":"http:\/\/blitzconquista.com.br\/index.php?rest_route=%2Fwp%2Fv2%2Fcategories&post=105362"},{"taxonomy":"post_tag","embeddable":true,"href":"http:\/\/blitzconquista.com.br\/index.php?rest_route=%2Fwp%2Fv2%2Ftags&post=105362"}],"curies":[{"name":"wp","href":"https:\/\/api.w.org\/{rel}","templated":true}]}}