{"id":105373,"date":"2021-08-19T16:28:35","date_gmt":"2021-08-19T19:28:35","guid":{"rendered":"http:\/\/blitzconquista.com.br\/?p=105373"},"modified":"2021-08-19T16:28:35","modified_gmt":"2021-08-19T19:28:35","slug":"luz-vai-ficar-16-mais-cara-em-2022","status":"publish","type":"post","link":"http:\/\/blitzconquista.com.br\/?p=105373","title":{"rendered":"Luz vai ficar 16% mais cara em 2022"},"content":{"rendered":"<h3 class=\"sinopse\" style=\"text-align: center;\">A Aneel divulgou a previs\u00e3o de reajuste na conta de luz para o ano que vem.<\/h3>\n<p><img decoding=\"async\" loading=\"lazy\" class=\"aligncenter size-full wp-image-105375\" src=\"http:\/\/blitzconquista.com.br\/wp-content\/uploads\/2021\/08\/Lampada-Energia.jpg\" alt=\"\" width=\"1600\" height=\"1200\" srcset=\"http:\/\/blitzconquista.com.br\/wp-content\/uploads\/2021\/08\/Lampada-Energia.jpg 1600w, http:\/\/blitzconquista.com.br\/wp-content\/uploads\/2021\/08\/Lampada-Energia-300x225.jpg 300w, http:\/\/blitzconquista.com.br\/wp-content\/uploads\/2021\/08\/Lampada-Energia-695x521.jpg 695w, http:\/\/blitzconquista.com.br\/wp-content\/uploads\/2021\/08\/Lampada-Energia-768x576.jpg 768w, http:\/\/blitzconquista.com.br\/wp-content\/uploads\/2021\/08\/Lampada-Energia-1536x1152.jpg 1536w, http:\/\/blitzconquista.com.br\/wp-content\/uploads\/2021\/08\/Lampada-Energia-74x55.jpg 74w, http:\/\/blitzconquista.com.br\/wp-content\/uploads\/2021\/08\/Lampada-Energia-111x83.jpg 111w, http:\/\/blitzconquista.com.br\/wp-content\/uploads\/2021\/08\/Lampada-Energia-215x161.jpg 215w, http:\/\/blitzconquista.com.br\/wp-content\/uploads\/2021\/08\/Lampada-Energia-990x743.jpg 990w, http:\/\/blitzconquista.com.br\/wp-content\/uploads\/2021\/08\/Lampada-Energia-1320x990.jpg 1320w\" sizes=\"(max-width: 1600px) 100vw, 1600px\" \/><\/p>\n<p><span class=\"TextRun SCXW77659 BCX8\" lang=\"PT-BR\" xml:lang=\"PT-BR\" data-contrast=\"auto\"><span class=\"NormalTextRun SCXW77659 BCX8\">Apesar das constantes altas na conta de luz este ano, a Ag\u00eancia Nacional de Energia El\u00e9trica prev\u00ea um aumento de 16,6 por cento no ano que vem. Dados preliminares da\u00a0<\/span><span class=\"NormalTextRun SpellingErrorV2 SCXW77659 BCX8\">aneel<\/span><span class=\"NormalTextRun SCXW77659 BCX8\">\u00a0preveem mais aumentos na conta de luz causados pela crise h\u00eddrica que deve se estender em 2022. A ag\u00eancia tamb\u00e9m estuda novas medidas para reduzir o consumo de energia pela popula\u00e7\u00e3o brasileira. Hoje est\u00e1 em vigor a bandeira vermelha patamar dois, que teve o valor reajustado<\/span><span class=\"NormalTextRun SCXW77659 BCX8\">\u00a0para nove reais e 49 centavos a mais na conta de luz para cada 100 quilowatts-hora consumidos. De acordo com a\u00a0<\/span><span class=\"NormalTextRun SpellingErrorV2 SCXW77659 BCX8\">aneel<\/span><span class=\"NormalTextRun SCXW77659 BCX8\">, mesmo com a cobran\u00e7a de taxa extra, o valor n\u00e3o \u00e9 suficiente para cobrir a gera\u00e7\u00e3o de energia por termel\u00e9tricas, recurso utilizado quando os n\u00edveis das hidrel\u00e9tricas baixam.<\/span><\/span><span class=\"EOP SCXW77659 BCX8\" data-ccp-props=\"{&quot;335559740&quot;:360}\">\u00a0<\/span><\/p>\n","protected":false},"excerpt":{"rendered":"<p>A Aneel divulgou a previs\u00e3o de reajuste na conta de luz para o ano que vem. Apesar das constantes altas na conta de luz este ano, a Ag\u00eancia Nacional de Energia El\u00e9trica prev\u00ea um aumento de 16,6 por cento no ano que vem. Dados preliminares da\u00a0aneel\u00a0preveem mais aumentos na conta de luz causados pela crise [&hellip;]<\/p>\n","protected":false},"author":1,"featured_media":105375,"comment_status":"closed","ping_status":"closed","sticky":false,"template":"","format":"standard","meta":[],"categories":[4],"tags":[],"_links":{"self":[{"href":"http:\/\/blitzconquista.com.br\/index.php?rest_route=\/wp\/v2\/posts\/105373"}],"collection":[{"href":"http:\/\/blitzconquista.com.br\/index.php?rest_route=\/wp\/v2\/posts"}],"about":[{"href":"http:\/\/blitzconquista.com.br\/index.php?rest_route=\/wp\/v2\/types\/post"}],"author":[{"embeddable":true,"href":"http:\/\/blitzconquista.com.br\/index.php?rest_route=\/wp\/v2\/users\/1"}],"replies":[{"embeddable":true,"href":"http:\/\/blitzconquista.com.br\/index.php?rest_route=%2Fwp%2Fv2%2Fcomments&post=105373"}],"version-history":[{"count":1,"href":"http:\/\/blitzconquista.com.br\/index.php?rest_route=\/wp\/v2\/posts\/105373\/revisions"}],"predecessor-version":[{"id":105376,"href":"http:\/\/blitzconquista.com.br\/index.php?rest_route=\/wp\/v2\/posts\/105373\/revisions\/105376"}],"wp:featuredmedia":[{"embeddable":true,"href":"http:\/\/blitzconquista.com.br\/index.php?rest_route=\/wp\/v2\/media\/105375"}],"wp:attachment":[{"href":"http:\/\/blitzconquista.com.br\/index.php?rest_route=%2Fwp%2Fv2%2Fmedia&parent=105373"}],"wp:term":[{"taxonomy":"category","embeddable":true,"href":"http:\/\/blitzconquista.com.br\/index.php?rest_route=%2Fwp%2Fv2%2Fcategories&post=105373"},{"taxonomy":"post_tag","embeddable":true,"href":"http:\/\/blitzconquista.com.br\/index.php?rest_route=%2Fwp%2Fv2%2Ftags&post=105373"}],"curies":[{"name":"wp","href":"https:\/\/api.w.org\/{rel}","templated":true}]}}