{"id":105385,"date":"2021-08-19T17:00:41","date_gmt":"2021-08-19T20:00:41","guid":{"rendered":"http:\/\/blitzconquista.com.br\/?p=105385"},"modified":"2021-08-19T17:00:41","modified_gmt":"2021-08-19T20:00:41","slug":"indicadores-precos-do-cafe-e-acucar-em-alta-milho-estavel-nesta-quinta-feira-19","status":"publish","type":"post","link":"http:\/\/blitzconquista.com.br\/?p=105385","title":{"rendered":"INDICADORES: Pre\u00e7os do caf\u00e9 e a\u00e7\u00facar em alta. Milho est\u00e1vel, nesta quinta-feira (19)"},"content":{"rendered":"<h3 class=\"notices-list__blog-card__summary\" style=\"text-align: center;\">Os pre\u00e7os da saca de 60 quilos do caf\u00e9 ar\u00e1bica e do a\u00e7\u00facar est\u00e3o em alta, nesta quinta-feira (19). O valor da saca do milho est\u00e1 est\u00e1vel<\/h3>\n<p><img decoding=\"async\" loading=\"lazy\" class=\"aligncenter size-full wp-image-97657\" src=\"http:\/\/blitzconquista.com.br\/wp-content\/uploads\/2021\/02\/Indicadores-Caf\u00e94-23.jpg\" alt=\"\" width=\"2048\" height=\"1365\" srcset=\"http:\/\/blitzconquista.com.br\/wp-content\/uploads\/2021\/02\/Indicadores-Caf\u00e94-23.jpg 2048w, http:\/\/blitzconquista.com.br\/wp-content\/uploads\/2021\/02\/Indicadores-Caf\u00e94-23-300x200.jpg 300w, http:\/\/blitzconquista.com.br\/wp-content\/uploads\/2021\/02\/Indicadores-Caf\u00e94-23-695x463.jpg 695w, http:\/\/blitzconquista.com.br\/wp-content\/uploads\/2021\/02\/Indicadores-Caf\u00e94-23-768x512.jpg 768w, http:\/\/blitzconquista.com.br\/wp-content\/uploads\/2021\/02\/Indicadores-Caf\u00e94-23-1536x1024.jpg 1536w, http:\/\/blitzconquista.com.br\/wp-content\/uploads\/2021\/02\/Indicadores-Caf\u00e94-23-414x276.jpg 414w, http:\/\/blitzconquista.com.br\/wp-content\/uploads\/2021\/02\/Indicadores-Caf\u00e94-23-470x313.jpg 470w, http:\/\/blitzconquista.com.br\/wp-content\/uploads\/2021\/02\/Indicadores-Caf\u00e94-23-640x426.jpg 640w, http:\/\/blitzconquista.com.br\/wp-content\/uploads\/2021\/02\/Indicadores-Caf\u00e94-23-130x86.jpg 130w, http:\/\/blitzconquista.com.br\/wp-content\/uploads\/2021\/02\/Indicadores-Caf\u00e94-23-187x124.jpg 187w, http:\/\/blitzconquista.com.br\/wp-content\/uploads\/2021\/02\/Indicadores-Caf\u00e94-23-990x660.jpg 990w, http:\/\/blitzconquista.com.br\/wp-content\/uploads\/2021\/02\/Indicadores-Caf\u00e94-23-1320x880.jpg 1320w\" sizes=\"(max-width: 2048px) 100vw, 2048px\" \/><\/p>\n<div id=\"js-text-clipboard\" class=\"notice-content__show js-notice-expand js-permit-copy\">\n<p>O pre\u00e7o da saca de 60 quilos do caf\u00e9 ar\u00e1bica teve alta de mais de 1%, nesta quinta-feira (19), em S\u00e3o Paulo, com venda a R$ 1.043. O pre\u00e7o da saca de caf\u00e9 robusta tamb\u00e9m teve alta de 1,5%, com venda a R$ 646,78.<\/p>\n<p>O valor da saca do a\u00e7\u00facar cristal teve alta de quase 1%, em S\u00e3o Paulo, sendo comercializada a R$ 130,95. Em Ribeir\u00e3o Preto (SP), a saca do a\u00e7\u00facar bruto \u00e9 vendida a R$ 130, a R$ 131 no Tri\u00e2ngulo Mineiro e a R$ 133 em Maring\u00e1 (PR).<\/p>\n<p>O pre\u00e7o da saca do milho est\u00e1 est\u00e1vel sendo comercializada a R$ 99,32, em S\u00e3o Paulo. Em Rio Verde (GO), a saca do milho tem cota\u00e7\u00e3o de R$ 92; em Erechim (RS) a R$ 98 e em Cascavel (PR), a R$ 100.<\/p>\n<p>Os valores s\u00e3o do Canal Rural e Cepea.<\/p>\n<\/div>\n","protected":false},"excerpt":{"rendered":"<p>Os pre\u00e7os da saca de 60 quilos do caf\u00e9 ar\u00e1bica e do a\u00e7\u00facar est\u00e3o em alta, nesta quinta-feira (19). O valor da saca do milho est\u00e1 est\u00e1vel O pre\u00e7o da saca de 60 quilos do caf\u00e9 ar\u00e1bica teve alta de mais de 1%, nesta quinta-feira (19), em S\u00e3o Paulo, com venda a R$ 1.043. O [&hellip;]<\/p>\n","protected":false},"author":1,"featured_media":97657,"comment_status":"closed","ping_status":"closed","sticky":false,"template":"","format":"standard","meta":[],"categories":[4],"tags":[],"_links":{"self":[{"href":"http:\/\/blitzconquista.com.br\/index.php?rest_route=\/wp\/v2\/posts\/105385"}],"collection":[{"href":"http:\/\/blitzconquista.com.br\/index.php?rest_route=\/wp\/v2\/posts"}],"about":[{"href":"http:\/\/blitzconquista.com.br\/index.php?rest_route=\/wp\/v2\/types\/post"}],"author":[{"embeddable":true,"href":"http:\/\/blitzconquista.com.br\/index.php?rest_route=\/wp\/v2\/users\/1"}],"replies":[{"embeddable":true,"href":"http:\/\/blitzconquista.com.br\/index.php?rest_route=%2Fwp%2Fv2%2Fcomments&post=105385"}],"version-history":[{"count":1,"href":"http:\/\/blitzconquista.com.br\/index.php?rest_route=\/wp\/v2\/posts\/105385\/revisions"}],"predecessor-version":[{"id":105387,"href":"http:\/\/blitzconquista.com.br\/index.php?rest_route=\/wp\/v2\/posts\/105385\/revisions\/105387"}],"wp:featuredmedia":[{"embeddable":true,"href":"http:\/\/blitzconquista.com.br\/index.php?rest_route=\/wp\/v2\/media\/97657"}],"wp:attachment":[{"href":"http:\/\/blitzconquista.com.br\/index.php?rest_route=%2Fwp%2Fv2%2Fmedia&parent=105385"}],"wp:term":[{"taxonomy":"category","embeddable":true,"href":"http:\/\/blitzconquista.com.br\/index.php?rest_route=%2Fwp%2Fv2%2Fcategories&post=105385"},{"taxonomy":"post_tag","embeddable":true,"href":"http:\/\/blitzconquista.com.br\/index.php?rest_route=%2Fwp%2Fv2%2Ftags&post=105385"}],"curies":[{"name":"wp","href":"https:\/\/api.w.org\/{rel}","templated":true}]}}