{"id":105388,"date":"2021-08-19T17:02:57","date_gmt":"2021-08-19T20:02:57","guid":{"rendered":"http:\/\/blitzconquista.com.br\/?p=105388"},"modified":"2021-08-19T17:02:57","modified_gmt":"2021-08-19T20:02:57","slug":"indicadores-precos-do-boi-gordo-frango-e-suino-em-queda-nesta-quinta-feira-19","status":"publish","type":"post","link":"http:\/\/blitzconquista.com.br\/?p=105388","title":{"rendered":"INDICADORES: Pre\u00e7os do boi gordo, frango e su\u00edno em queda, nesta quinta-feira (19)"},"content":{"rendered":"<h3 class=\"notice-regular__summary\" style=\"text-align: center;\">Os pre\u00e7os da arroba do boi gordo, do quilo do frango e da carca\u00e7a su\u00edna est\u00e3o em queda, nesta quinta-feira (19)<\/h3>\n<p><img decoding=\"async\" loading=\"lazy\" class=\"aligncenter size-full wp-image-98233\" src=\"http:\/\/blitzconquista.com.br\/wp-content\/uploads\/2021\/02\/Indicadores-Boi-Gordo.jpg\" alt=\"\" width=\"500\" height=\"320\" srcset=\"http:\/\/blitzconquista.com.br\/wp-content\/uploads\/2021\/02\/Indicadores-Boi-Gordo.jpg 500w, http:\/\/blitzconquista.com.br\/wp-content\/uploads\/2021\/02\/Indicadores-Boi-Gordo-300x192.jpg 300w\" sizes=\"(max-width: 500px) 100vw, 500px\" \/><\/p>\n<div id=\"js-text-clipboard\" class=\"notice-content__show js-notice-expand js-permit-copy fix-height\">\n<p>O pre\u00e7o da arroba do boi gordo teve queda de mais de 2% nesta quinta-feira (19), em S\u00e3o Paulo, sendo comercializada a R$ 312,20. Em Belo Horizonte (MG), o pre\u00e7o da arroba do boi gordo est\u00e1 est\u00e1vel com venda a R$ 308,50. Em Goi\u00e2nia (GO), a arroba do boi gordo \u00e9 vendida a R$ 300,50 e em Cuiab\u00e1 (MT), a R$ 296,50.<\/p>\n<p>O pre\u00e7o do quilo do frango congelado teve queda de quase 1,5% sendo comercializado em S\u00e3o Paulo e em Santa Catarina a R$ 8. Em Porto Alegre, o pre\u00e7o do quilo do frango congelado \u00e9 cotado a R$ 8,05.<\/p>\n<p>O pre\u00e7o da carca\u00e7a do su\u00edno teve queda de quase 1%, em S\u00e3o Paulo, com venda a R$ 10,16 o quilo. No Paran\u00e1 e em Santa Catarina, a o quilo da carca\u00e7a do su\u00edno \u00e9 comercializado a R$ 10,10.<\/p>\n<p>Os valores s\u00e3o do Canal Rural e Cepea.<\/p>\n<\/div>\n","protected":false},"excerpt":{"rendered":"<p>Os pre\u00e7os da arroba do boi gordo, do quilo do frango e da carca\u00e7a su\u00edna est\u00e3o em queda, nesta quinta-feira (19) O pre\u00e7o da arroba do boi gordo teve queda de mais de 2% nesta quinta-feira (19), em S\u00e3o Paulo, sendo comercializada a R$ 312,20. Em Belo Horizonte (MG), o pre\u00e7o da arroba do boi [&hellip;]<\/p>\n","protected":false},"author":1,"featured_media":98233,"comment_status":"closed","ping_status":"closed","sticky":false,"template":"","format":"standard","meta":[],"categories":[4],"tags":[],"_links":{"self":[{"href":"http:\/\/blitzconquista.com.br\/index.php?rest_route=\/wp\/v2\/posts\/105388"}],"collection":[{"href":"http:\/\/blitzconquista.com.br\/index.php?rest_route=\/wp\/v2\/posts"}],"about":[{"href":"http:\/\/blitzconquista.com.br\/index.php?rest_route=\/wp\/v2\/types\/post"}],"author":[{"embeddable":true,"href":"http:\/\/blitzconquista.com.br\/index.php?rest_route=\/wp\/v2\/users\/1"}],"replies":[{"embeddable":true,"href":"http:\/\/blitzconquista.com.br\/index.php?rest_route=%2Fwp%2Fv2%2Fcomments&post=105388"}],"version-history":[{"count":1,"href":"http:\/\/blitzconquista.com.br\/index.php?rest_route=\/wp\/v2\/posts\/105388\/revisions"}],"predecessor-version":[{"id":105390,"href":"http:\/\/blitzconquista.com.br\/index.php?rest_route=\/wp\/v2\/posts\/105388\/revisions\/105390"}],"wp:featuredmedia":[{"embeddable":true,"href":"http:\/\/blitzconquista.com.br\/index.php?rest_route=\/wp\/v2\/media\/98233"}],"wp:attachment":[{"href":"http:\/\/blitzconquista.com.br\/index.php?rest_route=%2Fwp%2Fv2%2Fmedia&parent=105388"}],"wp:term":[{"taxonomy":"category","embeddable":true,"href":"http:\/\/blitzconquista.com.br\/index.php?rest_route=%2Fwp%2Fv2%2Fcategories&post=105388"},{"taxonomy":"post_tag","embeddable":true,"href":"http:\/\/blitzconquista.com.br\/index.php?rest_route=%2Fwp%2Fv2%2Ftags&post=105388"}],"curies":[{"name":"wp","href":"https:\/\/api.w.org\/{rel}","templated":true}]}}