{"id":105690,"date":"2021-08-31T16:17:38","date_gmt":"2021-08-31T19:17:38","guid":{"rendered":"http:\/\/blitzconquista.com.br\/?p=105690"},"modified":"2021-08-31T16:17:38","modified_gmt":"2021-08-31T19:17:38","slug":"prorrogado-prazo-para-regularizar-mei","status":"publish","type":"post","link":"http:\/\/blitzconquista.com.br\/?p=105690","title":{"rendered":"Prorrogado prazo para regularizar MEI"},"content":{"rendered":"<h3 class=\"sinopse\" style=\"text-align: center;\">A Receita Federal estendeu a data para 30 de setembro. 1,8 milh\u00f5es de microempreendedores individuais est\u00e3o com impostos atrasados.<\/h3>\n<figure id=\"attachment_93195\" aria-describedby=\"caption-attachment-93195\" style=\"width: 1170px\" class=\"wp-caption aligncenter\"><img decoding=\"async\" loading=\"lazy\" class=\"size-full wp-image-93195\" src=\"http:\/\/blitzconquista.com.br\/wp-content\/uploads\/2020\/08\/mcam20022020-3.jpg\" alt=\"\" width=\"1170\" height=\"700\" srcset=\"http:\/\/blitzconquista.com.br\/wp-content\/uploads\/2020\/08\/mcam20022020-3.jpg 1170w, http:\/\/blitzconquista.com.br\/wp-content\/uploads\/2020\/08\/mcam20022020-3-300x179.jpg 300w, http:\/\/blitzconquista.com.br\/wp-content\/uploads\/2020\/08\/mcam20022020-3-695x416.jpg 695w, http:\/\/blitzconquista.com.br\/wp-content\/uploads\/2020\/08\/mcam20022020-3-768x459.jpg 768w, http:\/\/blitzconquista.com.br\/wp-content\/uploads\/2020\/08\/mcam20022020-3-990x592.jpg 990w\" sizes=\"(max-width: 1170px) 100vw, 1170px\" \/><figcaption id=\"caption-attachment-93195\" class=\"wp-caption-text\">Marcelo Camargo\/Ag\u00eancia Brasil<\/figcaption><\/figure>\n<p><span class=\"TextRun SCXW19091214 BCX8\" lang=\"PT-BR\" xml:lang=\"PT-BR\" data-contrast=\"auto\"><span class=\"NormalTextRun SCXW19091214 BCX8\">A receita federal prorrogou o prazo para que microempreendedores individuais paguem ou parcelem d\u00edvidas com a uni\u00e3o. O prazo, que encerrava em agosto, foi estendido at\u00e9 o dia 30 de setembro. Aproximadamente um milh\u00e3o e 800 mil empreendedores do pa\u00eds est\u00e3o com d\u00edvidas com o governo desde 2016. Quem n\u00e3o fizer a regulariza\u00e7\u00e3o pode ter o nome inclu\u00eddo na d\u00edvida ativa do governo federal. Com isso, o MEI perde diversos benef\u00edcios entre eles a redu\u00e7\u00e3o de tributos para a categoria. Al\u00e9m disso, o governo pode acionar a justi\u00e7a para receber os impostos atrasados. Para regularizar a situa\u00e7\u00e3o, o\u00a0<\/span><span class=\"NormalTextRun SpellingErrorV2 SCXW19091214 BCX8\">M<\/span><span class=\"NormalTextRun SpellingErrorV2 SCXW19091214 BCX8\">E<\/span><span class=\"NormalTextRun SpellingErrorV2 SCXW19091214 BCX8\">I<\/span><span class=\"NormalTextRun SCXW19091214 BCX8\">\u00a0pode acessar o portal do simples nacional na internet. Por\u00e9m, ser\u00e1 preciso certificado digital. Outra op\u00e7\u00e3o \u00e9 ir em um dos pontos de atendimento da receita federal.<\/span><\/span><span class=\"EOP SCXW19091214 BCX8\" data-ccp-props=\"{&quot;335559740&quot;:360}\">\u00a0<\/span><\/p>\n","protected":false},"excerpt":{"rendered":"<p>A Receita Federal estendeu a data para 30 de setembro. 1,8 milh\u00f5es de microempreendedores individuais est\u00e3o com impostos atrasados. A receita federal prorrogou o prazo para que microempreendedores individuais paguem ou parcelem d\u00edvidas com a uni\u00e3o. O prazo, que encerrava em agosto, foi estendido at\u00e9 o dia 30 de setembro. Aproximadamente um milh\u00e3o e 800 [&hellip;]<\/p>\n","protected":false},"author":1,"featured_media":93196,"comment_status":"closed","ping_status":"closed","sticky":false,"template":"","format":"standard","meta":[],"categories":[478],"tags":[],"_links":{"self":[{"href":"http:\/\/blitzconquista.com.br\/index.php?rest_route=\/wp\/v2\/posts\/105690"}],"collection":[{"href":"http:\/\/blitzconquista.com.br\/index.php?rest_route=\/wp\/v2\/posts"}],"about":[{"href":"http:\/\/blitzconquista.com.br\/index.php?rest_route=\/wp\/v2\/types\/post"}],"author":[{"embeddable":true,"href":"http:\/\/blitzconquista.com.br\/index.php?rest_route=\/wp\/v2\/users\/1"}],"replies":[{"embeddable":true,"href":"http:\/\/blitzconquista.com.br\/index.php?rest_route=%2Fwp%2Fv2%2Fcomments&post=105690"}],"version-history":[{"count":1,"href":"http:\/\/blitzconquista.com.br\/index.php?rest_route=\/wp\/v2\/posts\/105690\/revisions"}],"predecessor-version":[{"id":105692,"href":"http:\/\/blitzconquista.com.br\/index.php?rest_route=\/wp\/v2\/posts\/105690\/revisions\/105692"}],"wp:featuredmedia":[{"embeddable":true,"href":"http:\/\/blitzconquista.com.br\/index.php?rest_route=\/wp\/v2\/media\/93196"}],"wp:attachment":[{"href":"http:\/\/blitzconquista.com.br\/index.php?rest_route=%2Fwp%2Fv2%2Fmedia&parent=105690"}],"wp:term":[{"taxonomy":"category","embeddable":true,"href":"http:\/\/blitzconquista.com.br\/index.php?rest_route=%2Fwp%2Fv2%2Fcategories&post=105690"},{"taxonomy":"post_tag","embeddable":true,"href":"http:\/\/blitzconquista.com.br\/index.php?rest_route=%2Fwp%2Fv2%2Ftags&post=105690"}],"curies":[{"name":"wp","href":"https:\/\/api.w.org\/{rel}","templated":true}]}}