{"id":105778,"date":"2021-09-01T23:27:49","date_gmt":"2021-09-02T02:27:49","guid":{"rendered":"http:\/\/blitzconquista.com.br\/?p=105778"},"modified":"2021-09-01T23:28:25","modified_gmt":"2021-09-02T02:28:25","slug":"tve-amplia-cobertura-no-interior-do-estado-e-diversifica-a-programacao","status":"publish","type":"post","link":"http:\/\/blitzconquista.com.br\/?p=105778","title":{"rendered":"TVE amplia cobertura no interior do estado e diversifica a programa\u00e7\u00e3o"},"content":{"rendered":"<p><img decoding=\"async\" loading=\"lazy\" class=\"aligncenter wp-image-105781\" src=\"http:\/\/blitzconquista.com.br\/wp-content\/uploads\/2021\/09\/TVE-Fachada-em-SSA.jpg\" alt=\"\" width=\"749\" height=\"499\" srcset=\"http:\/\/blitzconquista.com.br\/wp-content\/uploads\/2021\/09\/TVE-Fachada-em-SSA.jpg 1280w, http:\/\/blitzconquista.com.br\/wp-content\/uploads\/2021\/09\/TVE-Fachada-em-SSA-300x200.jpg 300w, http:\/\/blitzconquista.com.br\/wp-content\/uploads\/2021\/09\/TVE-Fachada-em-SSA-695x463.jpg 695w, http:\/\/blitzconquista.com.br\/wp-content\/uploads\/2021\/09\/TVE-Fachada-em-SSA-768x512.jpg 768w, http:\/\/blitzconquista.com.br\/wp-content\/uploads\/2021\/09\/TVE-Fachada-em-SSA-414x276.jpg 414w, http:\/\/blitzconquista.com.br\/wp-content\/uploads\/2021\/09\/TVE-Fachada-em-SSA-470x313.jpg 470w, http:\/\/blitzconquista.com.br\/wp-content\/uploads\/2021\/09\/TVE-Fachada-em-SSA-640x426.jpg 640w, http:\/\/blitzconquista.com.br\/wp-content\/uploads\/2021\/09\/TVE-Fachada-em-SSA-130x86.jpg 130w, http:\/\/blitzconquista.com.br\/wp-content\/uploads\/2021\/09\/TVE-Fachada-em-SSA-187x124.jpg 187w, http:\/\/blitzconquista.com.br\/wp-content\/uploads\/2021\/09\/TVE-Fachada-em-SSA-990x660.jpg 990w\" sizes=\"(max-width: 749px) 100vw, 749px\" \/><\/p>\n<p>Dez milh\u00f5es de baianos nos 27 territ\u00f3rios de identidade passaram a sintonizar a TVE digital desde que o Governo da Bahia decidiu ampliar a cobertura da TV p\u00fablica estadual, em 2019, com a inten\u00e7\u00e3o de abrir cada vez mais espa\u00e7o para a produ\u00e7\u00e3o local. A r\u00e1dio Educadora FM tamb\u00e9m teve a cobertura ampliada e o Canal Educa Bahia entrou no ar para que estudantes da rede estadual possam assistir \u00e0s aulas remotas. Foram mais de R$ 7 milh\u00f5es em investimentos no projeto de expans\u00e3o.<\/p>\n<p>\u201cO governo estadual tem em seu programa uma meta de fazer com que o sinal da TVE chegasse ao interior da Bahia. Por isso foi feito esse investimento. E qual a import\u00e2ncia disso? \u00c9 a import\u00e2ncia da Bahia se ver. A TVE tem se dedicado cada vez mais a mostrar conte\u00fados da Bahia para os baianos, que agora conseguem assistir ao sinal de \u00f3tima qualidade. A Bahia tem um territ\u00f3rio muito grande. Ent\u00e3o, a TVE cumpre esse papel de integra\u00e7\u00e3o. \u00c9 muito importante que as pessoas do extremo sul, do oeste, do norte, da capital conhe\u00e7am o estado da Bahia\u201d, afirma o diretor-geral do Instituto de Radiodifus\u00e3o Educativa da Bahia (Irdeb), Fl\u00e1vio Gon\u00e7alves.<\/p>\n<p><img decoding=\"async\" loading=\"lazy\" class=\"wp-image-105783 alignleft\" src=\"http:\/\/blitzconquista.com.br\/wp-content\/uploads\/2021\/09\/TVE-Redacao2.jpg\" alt=\"\" width=\"400\" height=\"266\" srcset=\"http:\/\/blitzconquista.com.br\/wp-content\/uploads\/2021\/09\/TVE-Redacao2.jpg 1280w, http:\/\/blitzconquista.com.br\/wp-content\/uploads\/2021\/09\/TVE-Redacao2-300x200.jpg 300w, http:\/\/blitzconquista.com.br\/wp-content\/uploads\/2021\/09\/TVE-Redacao2-695x463.jpg 695w, http:\/\/blitzconquista.com.br\/wp-content\/uploads\/2021\/09\/TVE-Redacao2-768x512.jpg 768w, http:\/\/blitzconquista.com.br\/wp-content\/uploads\/2021\/09\/TVE-Redacao2-414x276.jpg 414w, http:\/\/blitzconquista.com.br\/wp-content\/uploads\/2021\/09\/TVE-Redacao2-470x313.jpg 470w, http:\/\/blitzconquista.com.br\/wp-content\/uploads\/2021\/09\/TVE-Redacao2-640x426.jpg 640w, http:\/\/blitzconquista.com.br\/wp-content\/uploads\/2021\/09\/TVE-Redacao2-130x86.jpg 130w, http:\/\/blitzconquista.com.br\/wp-content\/uploads\/2021\/09\/TVE-Redacao2-187x124.jpg 187w, http:\/\/blitzconquista.com.br\/wp-content\/uploads\/2021\/09\/TVE-Redacao2-990x660.jpg 990w\" sizes=\"(max-width: 400px) 100vw, 400px\" \/>A programa\u00e7\u00e3o passou a disponibilizar conte\u00fados cada vez mais regionalizados de entretenimento, educa\u00e7\u00e3o e informa\u00e7\u00e3o. A cobertura do campeonato baiano, a exibi\u00e7\u00e3o de filmes, document\u00e1rios e s\u00e9ries produzidos na Bahia com temas locais, e a produ\u00e7\u00e3o agr\u00edcola s\u00e3o as apostas da emissora para ganhar mais espa\u00e7o na casa dos baianos.<\/p>\n<p>\u201cA gente teve uma amplia\u00e7\u00e3o da programa\u00e7\u00e3o no interior e isso se deu de algumas formas, como a cria\u00e7\u00e3o de um programa chamado Rural Produtivo, que traz o universo dos agricultores e das cooperativas de todo o estado. N\u00f3s tratamos de todos os aspectos da agricultura familiar, as hist\u00f3rias dos personagens. O programa \u00e9 muito amplo\u201d, explica a diretora de programa\u00e7\u00e3o e conte\u00fado, Jana\u00edna Rocha. Ela destaca tamb\u00e9m o Universci\u00eancia, uma parceria com a TV da Universidade Estadual do Sul da Bahia (Uesb), que tem parceria com 30 universidades da Bahia e do Nordeste para mostrar a produ\u00e7\u00e3o cient\u00edfica da regi\u00e3o.<\/p>\n<p><img decoding=\"async\" loading=\"lazy\" class=\"wp-image-105782 alignright\" src=\"http:\/\/blitzconquista.com.br\/wp-content\/uploads\/2021\/09\/TVE-Redacao.jpg\" alt=\"\" width=\"401\" height=\"267\" srcset=\"http:\/\/blitzconquista.com.br\/wp-content\/uploads\/2021\/09\/TVE-Redacao.jpg 1280w, http:\/\/blitzconquista.com.br\/wp-content\/uploads\/2021\/09\/TVE-Redacao-300x200.jpg 300w, http:\/\/blitzconquista.com.br\/wp-content\/uploads\/2021\/09\/TVE-Redacao-695x463.jpg 695w, http:\/\/blitzconquista.com.br\/wp-content\/uploads\/2021\/09\/TVE-Redacao-768x512.jpg 768w, http:\/\/blitzconquista.com.br\/wp-content\/uploads\/2021\/09\/TVE-Redacao-414x276.jpg 414w, http:\/\/blitzconquista.com.br\/wp-content\/uploads\/2021\/09\/TVE-Redacao-470x313.jpg 470w, http:\/\/blitzconquista.com.br\/wp-content\/uploads\/2021\/09\/TVE-Redacao-640x426.jpg 640w, http:\/\/blitzconquista.com.br\/wp-content\/uploads\/2021\/09\/TVE-Redacao-130x86.jpg 130w, http:\/\/blitzconquista.com.br\/wp-content\/uploads\/2021\/09\/TVE-Redacao-187x124.jpg 187w, http:\/\/blitzconquista.com.br\/wp-content\/uploads\/2021\/09\/TVE-Redacao-990x660.jpg 990w\" sizes=\"(max-width: 401px) 100vw, 401px\" \/>Com a amplia\u00e7\u00e3o da cobertura, o desafio passa a ser tamb\u00e9m de quem est\u00e1 por tr\u00e1s das telas no comando de uma programa\u00e7\u00e3o que precisa falar com um p\u00fablico mais diverso. \u201c\u00c9 muita responsabilidade porque a gente sabe que a cada dia que passa a TVE vai expandindo o sinal digital. \u00c9 de uma revolu\u00e7\u00e3o muito importante para a televis\u00e3o brasileira. A TVE tem a diversidade no seu DNA. Aqui a gente v\u00ea o povo ind\u00edgena, o povo negro, document\u00e1rios que falam da popula\u00e7\u00e3o em situa\u00e7\u00e3o de rua. S\u00e3o diversas iniciativas e a\u00e7\u00f5es que t\u00eam um pedacinho da gente e das pessoas que est\u00e3o assistindo\u201d, destaca o apresentador do TVE Revista, Raoni Oliveira. A TVE pode ser sintonizada no canal digital 10.1 ou pela internet no endere\u00e7o <a href=\"http:\/\/www.irdeb.ba.gov.br\/tveonline\">www.irdeb.ba.gov.br\/tveonline<\/a>.<\/p>\n<p>Rep\u00f3rter: Lina Magal\u00ed<\/p>\n","protected":false},"excerpt":{"rendered":"<p>Dez milh\u00f5es de baianos nos 27 territ\u00f3rios de identidade passaram a sintonizar a TVE digital desde que o Governo da Bahia decidiu ampliar a cobertura da TV p\u00fablica estadual, em 2019, com a inten\u00e7\u00e3o de abrir cada vez mais espa\u00e7o para a produ\u00e7\u00e3o local. A r\u00e1dio Educadora FM tamb\u00e9m teve a cobertura ampliada e o [&hellip;]<\/p>\n","protected":false},"author":1,"featured_media":105781,"comment_status":"closed","ping_status":"closed","sticky":false,"template":"","format":"standard","meta":[],"categories":[28],"tags":[],"_links":{"self":[{"href":"http:\/\/blitzconquista.com.br\/index.php?rest_route=\/wp\/v2\/posts\/105778"}],"collection":[{"href":"http:\/\/blitzconquista.com.br\/index.php?rest_route=\/wp\/v2\/posts"}],"about":[{"href":"http:\/\/blitzconquista.com.br\/index.php?rest_route=\/wp\/v2\/types\/post"}],"author":[{"embeddable":true,"href":"http:\/\/blitzconquista.com.br\/index.php?rest_route=\/wp\/v2\/users\/1"}],"replies":[{"embeddable":true,"href":"http:\/\/blitzconquista.com.br\/index.php?rest_route=%2Fwp%2Fv2%2Fcomments&post=105778"}],"version-history":[{"count":1,"href":"http:\/\/blitzconquista.com.br\/index.php?rest_route=\/wp\/v2\/posts\/105778\/revisions"}],"predecessor-version":[{"id":105784,"href":"http:\/\/blitzconquista.com.br\/index.php?rest_route=\/wp\/v2\/posts\/105778\/revisions\/105784"}],"wp:featuredmedia":[{"embeddable":true,"href":"http:\/\/blitzconquista.com.br\/index.php?rest_route=\/wp\/v2\/media\/105781"}],"wp:attachment":[{"href":"http:\/\/blitzconquista.com.br\/index.php?rest_route=%2Fwp%2Fv2%2Fmedia&parent=105778"}],"wp:term":[{"taxonomy":"category","embeddable":true,"href":"http:\/\/blitzconquista.com.br\/index.php?rest_route=%2Fwp%2Fv2%2Fcategories&post=105778"},{"taxonomy":"post_tag","embeddable":true,"href":"http:\/\/blitzconquista.com.br\/index.php?rest_route=%2Fwp%2Fv2%2Ftags&post=105778"}],"curies":[{"name":"wp","href":"https:\/\/api.w.org\/{rel}","templated":true}]}}