{"id":105841,"date":"2021-09-03T12:29:57","date_gmt":"2021-09-03T15:29:57","guid":{"rendered":"http:\/\/blitzconquista.com.br\/?p=105841"},"modified":"2021-09-03T12:29:57","modified_gmt":"2021-09-03T15:29:57","slug":"projeto-preve-mudanca-no-calendario-escolar","status":"publish","type":"post","link":"http:\/\/blitzconquista.com.br\/?p=105841","title":{"rendered":"Projeto prev\u00ea mudan\u00e7a no calend\u00e1rio escolar"},"content":{"rendered":"<h3 class=\"sinopse\" style=\"text-align: center;\">Os deputados aprovaram a suspens\u00e3o da quantidade de aulas m\u00ednimas para a conclus\u00e3o deste ano letivo.<\/h3>\n<figure id=\"attachment_105844\" aria-describedby=\"caption-attachment-105844\" style=\"width: 640px\" class=\"wp-caption aligncenter\"><img decoding=\"async\" loading=\"lazy\" class=\"size-full wp-image-105844\" src=\"http:\/\/blitzconquista.com.br\/wp-content\/uploads\/2021\/09\/Deputada-Dorinha-Seabra-DEM-TO.jpg\" alt=\"\" width=\"640\" height=\"480\" srcset=\"http:\/\/blitzconquista.com.br\/wp-content\/uploads\/2021\/09\/Deputada-Dorinha-Seabra-DEM-TO.jpg 640w, http:\/\/blitzconquista.com.br\/wp-content\/uploads\/2021\/09\/Deputada-Dorinha-Seabra-DEM-TO-300x225.jpg 300w, http:\/\/blitzconquista.com.br\/wp-content\/uploads\/2021\/09\/Deputada-Dorinha-Seabra-DEM-TO-74x55.jpg 74w, http:\/\/blitzconquista.com.br\/wp-content\/uploads\/2021\/09\/Deputada-Dorinha-Seabra-DEM-TO-111x83.jpg 111w, http:\/\/blitzconquista.com.br\/wp-content\/uploads\/2021\/09\/Deputada-Dorinha-Seabra-DEM-TO-215x161.jpg 215w\" sizes=\"(max-width: 640px) 100vw, 640px\" \/><figcaption id=\"caption-attachment-105844\" class=\"wp-caption-text\">Deputada Dorinha Seabra &#8211; DEM-TO<\/figcaption><\/figure>\n<p>&nbsp;<\/p>\n<p><span data-contrast=\"auto\">Um projeto de lei, aprovado na c\u00e2mara dos deputados, quer suspender o n\u00famero m\u00ednimo de aulas no ano letivo por conta da pandemia. A iniciativa \u00e9 a mesma tomada no ano passado por meio de uma medida provis\u00f3ria. Desta vez, a suspens\u00e3o da exig\u00eancia m\u00ednima para a conclus\u00e3o do ano escolar \u00e9 de autoria de parlamentares. A autora do texto, Deputada Professora Dorinha Seabra, explica a necessidade da medida:<\/span><span data-ccp-props=\"{&quot;335559740&quot;:360}\">\u00a0<\/span><\/p>\n<p><span data-contrast=\"none\">\u201cN\u00f3s sabemos que muitas escolas j\u00e1 retomaram o seu trabalho de maneira remota, de maneira h\u00edbrida. Mas n\u00f3s temos muitos desafios em rela\u00e7\u00e3o \u00e0 organiza\u00e7\u00e3o curricular que tamb\u00e9m j\u00e1 foi organizada pelo Conselho Nacional de Educa\u00e7\u00e3o. Ent\u00e3o, esse PL ele simplesmente\u00a0estende o olhar e organiza\u00e7\u00e3o que foi dada pelo Congresso em rela\u00e7\u00e3o ao cumprimento dos dias \u00e0 organiza\u00e7\u00e3o curricular.\u00a0Logicamente agora nesse contexto dando ci\u00eancia e seguran\u00e7a para que as escolas possam se organizar.\u201d<\/span><span data-ccp-props=\"{&quot;335559740&quot;:360}\">\u00a0<\/span><\/p>\n<p><span data-contrast=\"auto\">O texto apresentado a pedido da Uni\u00e3o Nacional dos Dirigentes Municipais de Educa\u00e7\u00e3o e do Conselho Nacional de Secret\u00e1rios de Educa\u00e7\u00e3o agora segue para an\u00e1lise do Senado Federal.<\/span><span data-ccp-props=\"{&quot;335559740&quot;:360}\">\u00a0<\/span><\/p>\n","protected":false},"excerpt":{"rendered":"<p>Os deputados aprovaram a suspens\u00e3o da quantidade de aulas m\u00ednimas para a conclus\u00e3o deste ano letivo. &nbsp; Um projeto de lei, aprovado na c\u00e2mara dos deputados, quer suspender o n\u00famero m\u00ednimo de aulas no ano letivo por conta da pandemia. A iniciativa \u00e9 a mesma tomada no ano passado por meio de uma medida provis\u00f3ria. [&hellip;]<\/p>\n","protected":false},"author":1,"featured_media":105843,"comment_status":"closed","ping_status":"closed","sticky":false,"template":"","format":"standard","meta":[],"categories":[212,28],"tags":[],"_links":{"self":[{"href":"http:\/\/blitzconquista.com.br\/index.php?rest_route=\/wp\/v2\/posts\/105841"}],"collection":[{"href":"http:\/\/blitzconquista.com.br\/index.php?rest_route=\/wp\/v2\/posts"}],"about":[{"href":"http:\/\/blitzconquista.com.br\/index.php?rest_route=\/wp\/v2\/types\/post"}],"author":[{"embeddable":true,"href":"http:\/\/blitzconquista.com.br\/index.php?rest_route=\/wp\/v2\/users\/1"}],"replies":[{"embeddable":true,"href":"http:\/\/blitzconquista.com.br\/index.php?rest_route=%2Fwp%2Fv2%2Fcomments&post=105841"}],"version-history":[{"count":1,"href":"http:\/\/blitzconquista.com.br\/index.php?rest_route=\/wp\/v2\/posts\/105841\/revisions"}],"predecessor-version":[{"id":105845,"href":"http:\/\/blitzconquista.com.br\/index.php?rest_route=\/wp\/v2\/posts\/105841\/revisions\/105845"}],"wp:featuredmedia":[{"embeddable":true,"href":"http:\/\/blitzconquista.com.br\/index.php?rest_route=\/wp\/v2\/media\/105843"}],"wp:attachment":[{"href":"http:\/\/blitzconquista.com.br\/index.php?rest_route=%2Fwp%2Fv2%2Fmedia&parent=105841"}],"wp:term":[{"taxonomy":"category","embeddable":true,"href":"http:\/\/blitzconquista.com.br\/index.php?rest_route=%2Fwp%2Fv2%2Fcategories&post=105841"},{"taxonomy":"post_tag","embeddable":true,"href":"http:\/\/blitzconquista.com.br\/index.php?rest_route=%2Fwp%2Fv2%2Ftags&post=105841"}],"curies":[{"name":"wp","href":"https:\/\/api.w.org\/{rel}","templated":true}]}}