{"id":105856,"date":"2021-09-03T14:27:41","date_gmt":"2021-09-03T17:27:41","guid":{"rendered":"http:\/\/blitzconquista.com.br\/?p=105856"},"modified":"2021-09-03T14:29:01","modified_gmt":"2021-09-03T17:29:01","slug":"outras-liderancas-do-meio-evangelico-divergem-da-opiniao-dos-apoiadores-das-manifestacoes-do-dia-7-de-setembro","status":"publish","type":"post","link":"http:\/\/blitzconquista.com.br\/?p=105856","title":{"rendered":"Outras lideran\u00e7as\u00a0do meio evang\u00e9lico\u00a0divergem da opini\u00e3o dos apoiadores das manifesta\u00e7\u00f5es do dia 7 de setembro\u00a0"},"content":{"rendered":"<figure id=\"attachment_105858\" aria-describedby=\"caption-attachment-105858\" style=\"width: 733px\" class=\"wp-caption aligncenter\"><img decoding=\"async\" loading=\"lazy\" class=\"wp-image-105858\" src=\"http:\/\/blitzconquista.com.br\/wp-content\/uploads\/2021\/09\/Bolsonaro-Sheila-Malafaia.jpg\" alt=\"\" width=\"733\" height=\"488\" srcset=\"http:\/\/blitzconquista.com.br\/wp-content\/uploads\/2021\/09\/Bolsonaro-Sheila-Malafaia.jpg 420w, http:\/\/blitzconquista.com.br\/wp-content\/uploads\/2021\/09\/Bolsonaro-Sheila-Malafaia-300x200.jpg 300w, http:\/\/blitzconquista.com.br\/wp-content\/uploads\/2021\/09\/Bolsonaro-Sheila-Malafaia-414x276.jpg 414w, http:\/\/blitzconquista.com.br\/wp-content\/uploads\/2021\/09\/Bolsonaro-Sheila-Malafaia-130x86.jpg 130w, http:\/\/blitzconquista.com.br\/wp-content\/uploads\/2021\/09\/Bolsonaro-Sheila-Malafaia-187x124.jpg 187w\" sizes=\"(max-width: 733px) 100vw, 733px\" \/><figcaption id=\"caption-attachment-105858\" class=\"wp-caption-text\">Malafaia, apoiador de Bolsonaro, no Aeroporto Glauber Rocha de Vit\u00f3ria da Conquista, acompanhando a comitiva do Presidente Bolsonaro | Imagem: Blog do Anderson<\/figcaption><\/figure>\n<p><span data-contrast=\"none\">Malafaia, o principal defensor evang\u00e9lico da manifesta\u00e7\u00e3o no dia 7 de setembro, pr\u00f3-governo, segundo a Folha de S\u00e3o Paulo, defende o impeachment de um ministro do STF &#8211; Supremo Tribunal Federal, afirma que h\u00e1 dois ministros do mesmo tribunal formando uma ORCRIM e chegou a pedir uma interven\u00e7\u00e3o militar.<\/span><span data-ccp-props=\"{&quot;201341983&quot;:1,&quot;335551550&quot;:1,&quot;335551620&quot;:1,&quot;335559739&quot;:160,&quot;335559740&quot;:450}\">\u00a0<\/span><\/p>\n<p><span data-contrast=\"none\">Mas, na C\u00e2mara dos Deputados,\u00a0nem todos da bancada evang\u00e9lica pensam da mesma forma.<\/span><span data-ccp-props=\"{&quot;201341983&quot;:1,&quot;335551550&quot;:1,&quot;335551620&quot;:1,&quot;335559739&quot;:160,&quot;335559740&quot;:450}\">\u00a0<\/span><\/p>\n<p><span data-contrast=\"none\">O deputado Silas C\u00e2mara (PRB-AM), ex-presidente da bancada at\u00e9 o fim do ano passado, \u00e9 governista, mas defende que &#8220;A manifesta\u00e7\u00e3o do dia 7 deve ser pac\u00edfica&#8221;. Ele tamb\u00e9m \u00e9 contra a destitui\u00e7\u00e3o dos ministros do <\/span><a href=\"https:\/\/noticias.uol.com.br\/politica\/stf-supremo-tribunal-federal\/\"><span data-contrast=\"none\">STF<\/span><\/a><span data-contrast=\"none\">\u00a0e n\u00e3o concorda com a interven\u00e7\u00e3o militar:\u00a0&#8220;Defendo a liberdade de express\u00e3o dentro das quatro linhas da Constitui\u00e7\u00e3o, respeito \u00e0 democracia e a paz e harmonia entre os poderes&#8221;.<\/span><span data-ccp-props=\"{&quot;201341983&quot;:1,&quot;335559739&quot;:160,&quot;335559740&quot;:450}\">\u00a0<\/span><\/p>\n<p><span data-contrast=\"none\">Cezinha de Madureira (PSD-SP),\u00a0atual presidente da bancada evang\u00e9lica \u201cn\u00e3o \u00e9 dado a entrevistas e n\u00e3o respondeu \u00e0s solicita\u00e7\u00f5es da coluna.\u201d<\/span><span data-ccp-props=\"{&quot;201341983&quot;:1,&quot;335551550&quot;:1,&quot;335551620&quot;:1,&quot;335559739&quot;:160,&quot;335559740&quot;:450}\">\u00a0<\/span><\/p>\n<p><span data-contrast=\"none\">Os deputados que s\u00e3o pastores da Igreja Universal do Reino de Deus (IURD)\u00a0seguem as orienta\u00e7\u00f5es do bispo Edir Macedo que afirmou recentemente:\u00a0&#8220;Eu n\u00e3o vou tomar partido de A, B ou C, eu vou buscar a vontade de Deus, vou orar para que ele venha consertar essa situa\u00e7\u00e3o cr\u00edtica que n\u00f3s temos vivido&#8221;; &#8220;Entra governo e sai governo e sempre promessas. Mas na verdade as promessas s\u00e3o mais para si mesmo que para o povo, porque o povo continua a deus-dar\u00e1&#8221;;\u00a0&#8220;N\u00e3o basta eu dizer &#8216;conhecereis a verdade e a verdade vos libertar\u00e1&#8217;, tem que viver a\u00a0verdade para falar&#8221;.\u00a0<\/span><span data-ccp-props=\"{&quot;201341983&quot;:1,&quot;335559739&quot;:160,&quot;335559740&quot;:450}\">\u00a0<\/span><\/p>\n<p><span data-contrast=\"none\">O Pastor evang\u00e9lico, representante moderador do movimento Resist\u00eancia Reformada. Pr. Rodrigo Coelho (Igreja Presbiteriana Unida do Brasil), afirma que \u201ctodo esse movimento tem por finalidade amea\u00e7ar as institui\u00e7\u00f5es do nosso pa\u00eds. Essas pessoas defendem o fechamento do Supremo Tribunal Federal. Essas pessoas defendem o fechamento do Congresso Nacional. Logo, essas pessoas, est\u00e3o agindo contra a Democracia! Elas agem contra o Estado Democr\u00e1tico de Direito. E a\u00ed, voc\u00ea neste lugar, \u00e9 t\u00e3o somente massa de manobra, \u00e9 t\u00e3o somente uma pessoa sendo manipulada, para que essas pessoas possam permanecer no poder, e possam permanecer tendo os seus privil\u00e9gios. N\u00e3o se permita a isso. N\u00e3o se permita ser cooptado por essa gente. Jair Bolsonaro n\u00e3o est\u00e1 preocupado com o pa\u00eds. Jair Bolsonaro n\u00e3o est\u00e1 preocupado com o povo. Se voc\u00ea olhar o n\u00famero de desempregados no nosso pa\u00eds, se voc\u00ea observar o n\u00famero de pessoas que morreram nessa pandemia, voc\u00ea vai concluir isto: Jair Bolsonaro est\u00e1 preocupado em se reeleger, ou seja, todos os atos dele visam a perpetua\u00e7\u00e3o no poder e defender, tamb\u00e9m, os seus interesses e os interesses da sua fam\u00edlia, tendo em vista que cada vez mais a justi\u00e7a se aproxima dos seus filhos e dele mesmo. Ent\u00e3o, no dia 7 de setembro, em vez de ir para as ruas apoiar uma pessoa que n\u00e3o est\u00e1 trabalhando pelo povo e trabalhando pelo pa\u00eds, fique na sua casa, permane\u00e7a na sua casa, ore ao Senhor, para que Deus possa aben\u00e7oar a nossa na\u00e7\u00e3o\u201d. (Com informa\u00e7\u00f5es do UOL)<\/span><span data-ccp-props=\"{&quot;201341983&quot;:1,&quot;335559739&quot;:160,&quot;335559740&quot;:450}\">\u00a0<\/span><\/p>\n","protected":false},"excerpt":{"rendered":"<p>Malafaia, o principal defensor evang\u00e9lico da manifesta\u00e7\u00e3o no dia 7 de setembro, pr\u00f3-governo, segundo a Folha de S\u00e3o Paulo, defende o impeachment de um ministro do STF &#8211; Supremo Tribunal Federal, afirma que h\u00e1 dois ministros do mesmo tribunal formando uma ORCRIM e chegou a pedir uma interven\u00e7\u00e3o militar.\u00a0 Mas, na C\u00e2mara dos Deputados,\u00a0nem todos [&hellip;]<\/p>\n","protected":false},"author":1,"featured_media":105858,"comment_status":"closed","ping_status":"closed","sticky":false,"template":"","format":"standard","meta":[],"categories":[212,5],"tags":[],"_links":{"self":[{"href":"http:\/\/blitzconquista.com.br\/index.php?rest_route=\/wp\/v2\/posts\/105856"}],"collection":[{"href":"http:\/\/blitzconquista.com.br\/index.php?rest_route=\/wp\/v2\/posts"}],"about":[{"href":"http:\/\/blitzconquista.com.br\/index.php?rest_route=\/wp\/v2\/types\/post"}],"author":[{"embeddable":true,"href":"http:\/\/blitzconquista.com.br\/index.php?rest_route=\/wp\/v2\/users\/1"}],"replies":[{"embeddable":true,"href":"http:\/\/blitzconquista.com.br\/index.php?rest_route=%2Fwp%2Fv2%2Fcomments&post=105856"}],"version-history":[{"count":3,"href":"http:\/\/blitzconquista.com.br\/index.php?rest_route=\/wp\/v2\/posts\/105856\/revisions"}],"predecessor-version":[{"id":105861,"href":"http:\/\/blitzconquista.com.br\/index.php?rest_route=\/wp\/v2\/posts\/105856\/revisions\/105861"}],"wp:featuredmedia":[{"embeddable":true,"href":"http:\/\/blitzconquista.com.br\/index.php?rest_route=\/wp\/v2\/media\/105858"}],"wp:attachment":[{"href":"http:\/\/blitzconquista.com.br\/index.php?rest_route=%2Fwp%2Fv2%2Fmedia&parent=105856"}],"wp:term":[{"taxonomy":"category","embeddable":true,"href":"http:\/\/blitzconquista.com.br\/index.php?rest_route=%2Fwp%2Fv2%2Fcategories&post=105856"},{"taxonomy":"post_tag","embeddable":true,"href":"http:\/\/blitzconquista.com.br\/index.php?rest_route=%2Fwp%2Fv2%2Ftags&post=105856"}],"curies":[{"name":"wp","href":"https:\/\/api.w.org\/{rel}","templated":true}]}}