{"id":105870,"date":"2021-09-03T15:17:37","date_gmt":"2021-09-03T18:17:37","guid":{"rendered":"http:\/\/blitzconquista.com.br\/?p=105870"},"modified":"2021-09-03T15:17:37","modified_gmt":"2021-09-03T18:17:37","slug":"eu-espero-que-os-vereadores-que-foram-ver-o-presidente-nao-tenham-ido-com-a-gasolina-dessa-casa-afirma-chico-estrella","status":"publish","type":"post","link":"http:\/\/blitzconquista.com.br\/?p=105870","title":{"rendered":"\u201cEu espero que os vereadores que foram ver o presidente, n\u00e3o tenham ido com a gasolina dessa casa\u201d; Afirma Chico Estrella"},"content":{"rendered":"<p class=\"post-information\">Por <strong>Blog do Reda\u00e7\u00e3o<\/strong> &#8211; <a title=\"Posts de Ver\u00f4nica Ferraz\" href=\"https:\/\/blogdoredacao.com.br\/author\/veronica-ferraz\/\" rel=\"author\">Ver\u00f4nica Ferraz<\/a><\/p>\n<div class=\"noticia_imagem\"><a title=\"\u201cEu espero que os vereadores que foram ver o presidente, n\u00e3o tenham ido com a gasolina dessa casa\u201d; Afirma Chico Estrella\" href=\"https:\/\/blogdoredacao.com.br\/eu-espero-que-os-vereadores-que-foram-ver-o-presidente-nao-tenham-ido-com-a-gasolina-dessa-casa-afirma-chico-estrella\/\"><img decoding=\"async\" loading=\"lazy\" class=\"img-responsive noticia_img wp-post-image aligncenter\" title=\"\u201cEu espero que os vereadores que foram ver o presidente, n\u00e3o tenham ido com a gasolina dessa casa\u201d; Afirma Chico Estrella\" src=\"https:\/\/blogdoredacao.com.br\/wp-content\/uploads\/2021\/09\/BD46F416-F270-4482-AA46-33969278A302-770x515.jpeg\" sizes=\"(max-width: 770px) 100vw, 770px\" srcset=\"https:\/\/blogdoredacao.com.br\/wp-content\/uploads\/2021\/09\/BD46F416-F270-4482-AA46-33969278A302-770x515.jpeg 770w, https:\/\/blogdoredacao.com.br\/wp-content\/uploads\/2021\/09\/BD46F416-F270-4482-AA46-33969278A302-300x201.jpeg 300w, https:\/\/blogdoredacao.com.br\/wp-content\/uploads\/2021\/09\/BD46F416-F270-4482-AA46-33969278A302-768x514.jpeg 768w, https:\/\/blogdoredacao.com.br\/wp-content\/uploads\/2021\/09\/BD46F416-F270-4482-AA46-33969278A302.jpeg 800w\" alt=\"\" width=\"770\" height=\"515\" \/><\/a><\/div>\n<div class=\"post-content\">\n<p class=\"p1\"><span class=\"s1\">Em seus pronunciamento na manh\u00e3 desta sexta-feira (03), alguns parlamentares questionaram a passagem do presidente Jair Bolsonaro por Vit\u00f3ria da Conquista em dire\u00e7\u00e3o a cidade de Tanha\u00e7u, distrito de Sussuarana.<\/span><\/p>\n<p class=\"p1\"><span class=\"s1\">O vereador Dr. Andreson questionou: \u201cComo o presidente desembarca sem m\u00e1scara?\u201d.<\/span><\/p>\n<p class=\"p1\"><span class=\"s1\">J\u00e1 o vereador Chico Estrella salientou que, apesar de ser eleitor de Bolsonaro, n\u00e3o foi na comitiva e destacou: \u201cEu espero que<span class=\"Apple-converted-space\">\u00a0\u00a0<\/span>os vereadores que foram ver o presidente, n\u00e3o tenham ido com a gasolina dessa casa\u201d.<\/span><\/p>\n<p class=\"p1\"><span class=\"s1\">O presidente desembarcou pontualmente \u00e0s 08h30<span class=\"Apple-converted-space\">\u00a0\u00a0<\/span>no aeroporto Glauber Rocha, em Vit\u00f3ria da Conquista. Ele foi at\u00e9 a tela de prote\u00e7\u00e3o e saudou cerca de 100 apoiadores que aguardavam a sua chegada.<\/span><\/p>\n<\/div>\n","protected":false},"excerpt":{"rendered":"<p>Por Blog do Reda\u00e7\u00e3o &#8211; Ver\u00f4nica Ferraz Em seus pronunciamento na manh\u00e3 desta sexta-feira (03), alguns parlamentares questionaram a passagem do presidente Jair Bolsonaro por Vit\u00f3ria da Conquista em dire\u00e7\u00e3o a cidade de Tanha\u00e7u, distrito de Sussuarana. O vereador Dr. Andreson questionou: \u201cComo o presidente desembarca sem m\u00e1scara?\u201d. J\u00e1 o vereador Chico Estrella salientou que, [&hellip;]<\/p>\n","protected":false},"author":1,"featured_media":105872,"comment_status":"closed","ping_status":"closed","sticky":false,"template":"","format":"standard","meta":[],"categories":[5],"tags":[],"_links":{"self":[{"href":"http:\/\/blitzconquista.com.br\/index.php?rest_route=\/wp\/v2\/posts\/105870"}],"collection":[{"href":"http:\/\/blitzconquista.com.br\/index.php?rest_route=\/wp\/v2\/posts"}],"about":[{"href":"http:\/\/blitzconquista.com.br\/index.php?rest_route=\/wp\/v2\/types\/post"}],"author":[{"embeddable":true,"href":"http:\/\/blitzconquista.com.br\/index.php?rest_route=\/wp\/v2\/users\/1"}],"replies":[{"embeddable":true,"href":"http:\/\/blitzconquista.com.br\/index.php?rest_route=%2Fwp%2Fv2%2Fcomments&post=105870"}],"version-history":[{"count":1,"href":"http:\/\/blitzconquista.com.br\/index.php?rest_route=\/wp\/v2\/posts\/105870\/revisions"}],"predecessor-version":[{"id":105873,"href":"http:\/\/blitzconquista.com.br\/index.php?rest_route=\/wp\/v2\/posts\/105870\/revisions\/105873"}],"wp:featuredmedia":[{"embeddable":true,"href":"http:\/\/blitzconquista.com.br\/index.php?rest_route=\/wp\/v2\/media\/105872"}],"wp:attachment":[{"href":"http:\/\/blitzconquista.com.br\/index.php?rest_route=%2Fwp%2Fv2%2Fmedia&parent=105870"}],"wp:term":[{"taxonomy":"category","embeddable":true,"href":"http:\/\/blitzconquista.com.br\/index.php?rest_route=%2Fwp%2Fv2%2Fcategories&post=105870"},{"taxonomy":"post_tag","embeddable":true,"href":"http:\/\/blitzconquista.com.br\/index.php?rest_route=%2Fwp%2Fv2%2Ftags&post=105870"}],"curies":[{"name":"wp","href":"https:\/\/api.w.org\/{rel}","templated":true}]}}