{"id":105992,"date":"2021-09-07T16:47:33","date_gmt":"2021-09-07T19:47:33","guid":{"rendered":"http:\/\/blitzconquista.com.br\/?p=105992"},"modified":"2021-09-07T16:47:33","modified_gmt":"2021-09-07T19:47:33","slug":"o-7-de-setembro-em-vitoria-da-conquista","status":"publish","type":"post","link":"http:\/\/blitzconquista.com.br\/?p=105992","title":{"rendered":"O 7 de setembro em Vit\u00f3ria da Conquista"},"content":{"rendered":"<p><img decoding=\"async\" loading=\"lazy\" class=\"aligncenter size-full wp-image-105994\" src=\"http:\/\/blitzconquista.com.br\/wp-content\/uploads\/2021\/09\/Povo-na-Praca-scaled.jpg\" alt=\"\" width=\"2560\" height=\"1700\" srcset=\"http:\/\/blitzconquista.com.br\/wp-content\/uploads\/2021\/09\/Povo-na-Praca-scaled.jpg 2560w, http:\/\/blitzconquista.com.br\/wp-content\/uploads\/2021\/09\/Povo-na-Praca-300x200.jpg 300w, http:\/\/blitzconquista.com.br\/wp-content\/uploads\/2021\/09\/Povo-na-Praca-695x462.jpg 695w, http:\/\/blitzconquista.com.br\/wp-content\/uploads\/2021\/09\/Povo-na-Praca-768x510.jpg 768w, http:\/\/blitzconquista.com.br\/wp-content\/uploads\/2021\/09\/Povo-na-Praca-1536x1020.jpg 1536w, http:\/\/blitzconquista.com.br\/wp-content\/uploads\/2021\/09\/Povo-na-Praca-2048x1360.jpg 2048w, http:\/\/blitzconquista.com.br\/wp-content\/uploads\/2021\/09\/Povo-na-Praca-414x276.jpg 414w, http:\/\/blitzconquista.com.br\/wp-content\/uploads\/2021\/09\/Povo-na-Praca-470x313.jpg 470w, http:\/\/blitzconquista.com.br\/wp-content\/uploads\/2021\/09\/Povo-na-Praca-640x426.jpg 640w, http:\/\/blitzconquista.com.br\/wp-content\/uploads\/2021\/09\/Povo-na-Praca-130x86.jpg 130w, http:\/\/blitzconquista.com.br\/wp-content\/uploads\/2021\/09\/Povo-na-Praca-187x124.jpg 187w, http:\/\/blitzconquista.com.br\/wp-content\/uploads\/2021\/09\/Povo-na-Praca-990x658.jpg 990w, http:\/\/blitzconquista.com.br\/wp-content\/uploads\/2021\/09\/Povo-na-Praca-1320x877.jpg 1320w\" sizes=\"(max-width: 2560px) 100vw, 2560px\" \/><\/p>\n<p><span data-contrast=\"auto\">O\u00a0sete de setembro\u00a0em Vit\u00f3ria da Conquista foi marcado pelo colorido da bandeira nacional. Mas a festa foi realizada por evang\u00e9licos, que j\u00e1 caminham para transformar em tradi\u00e7\u00e3o algumas manifesta\u00e7\u00f5es em datas comemorativas de cunho c\u00edvico. Uma multid\u00e3o percorreu algumas ruas da regi\u00e3o central do munic\u00edpio at\u00e9 \u00e0 Pra\u00e7a Vitor Brito (Pra\u00e7a da B\u00edblia), onde cantaram louvores e fizeram preces a Deus, intercedendo pela cidade e pela na\u00e7\u00e3o.<\/span><span data-ccp-props=\"{&quot;201341983&quot;:0,&quot;335559739&quot;:160,&quot;335559740&quot;:259}\">\u00a0<\/span><\/p>\n<p><span data-contrast=\"auto\">Na concentra\u00e7\u00e3o, populares que vestiam roupas com as cores da bandeira e em carros decorados manifestavam fervor patriota, tocando o hino nacional, buzinando ou, simplesmente, agitando suas bandeiras se juntaram aos evang\u00e9licos. Outros apenas passavam acenando. O evento foi muito bonito, sob o ponto de vista de demonstra\u00e7\u00e3o de amor \u00e0 p\u00e1tria, contando com a presen\u00e7a de fam\u00edlias inteiras.<\/span><span data-ccp-props=\"{&quot;201341983&quot;:0,&quot;335559739&quot;:160,&quot;335559740&quot;:259}\">\u00a0<\/span><\/p>\n<p><span data-contrast=\"auto\">Dada a diversidade de pessoas que estiveram\u00a0presente, quer pela idade, religi\u00e3o\u00a0\u00a0etc, por certo, nem todos tinham as mesmas motiva\u00e7\u00f5es. Mas, dois fatores foram preponderantes para reunir quem estava no evento: a quest\u00e3o religiosa propriamente dita, visto que esses eventos come\u00e7am a tornar-se tradi\u00e7\u00e3o; e o fator pol\u00edtico, contando com o apoio de lideran\u00e7as religiosas que foram pe\u00e7as imprescind\u00edveis para o ajuntamento de tantos indiv\u00edduos nas ruas das principais cidades do Brasil.<\/span><span data-ccp-props=\"{&quot;201341983&quot;:0,&quot;335559739&quot;:160,&quot;335559740&quot;:259}\">\u00a0<\/span><\/p>\n<p><span data-contrast=\"auto\">O ponto controverso disso tudo \u00e9 o apoio total a uma l\u00edderan\u00e7a de vi\u00e9s autorit\u00e1rio, e que ataca a pr\u00f3pria democracia que o permitiu chegar ao poder, sob o discurso dissimulado de defender a vontade do povo.<\/span><span data-ccp-props=\"{&quot;201341983&quot;:0,&quot;335559739&quot;:160,&quot;335559740&quot;:259}\">\u00a0<\/span><\/p>\n<p><img decoding=\"async\" loading=\"lazy\" class=\"aligncenter size-full wp-image-105997\" src=\"http:\/\/blitzconquista.com.br\/wp-content\/uploads\/2021\/09\/Pastor-Rubem-scaled.jpg\" alt=\"\" width=\"2560\" height=\"1700\" srcset=\"http:\/\/blitzconquista.com.br\/wp-content\/uploads\/2021\/09\/Pastor-Rubem-scaled.jpg 2560w, http:\/\/blitzconquista.com.br\/wp-content\/uploads\/2021\/09\/Pastor-Rubem-300x200.jpg 300w, http:\/\/blitzconquista.com.br\/wp-content\/uploads\/2021\/09\/Pastor-Rubem-695x462.jpg 695w, http:\/\/blitzconquista.com.br\/wp-content\/uploads\/2021\/09\/Pastor-Rubem-768x510.jpg 768w, http:\/\/blitzconquista.com.br\/wp-content\/uploads\/2021\/09\/Pastor-Rubem-1536x1020.jpg 1536w, http:\/\/blitzconquista.com.br\/wp-content\/uploads\/2021\/09\/Pastor-Rubem-2048x1360.jpg 2048w, http:\/\/blitzconquista.com.br\/wp-content\/uploads\/2021\/09\/Pastor-Rubem-414x276.jpg 414w, http:\/\/blitzconquista.com.br\/wp-content\/uploads\/2021\/09\/Pastor-Rubem-470x313.jpg 470w, http:\/\/blitzconquista.com.br\/wp-content\/uploads\/2021\/09\/Pastor-Rubem-640x426.jpg 640w, http:\/\/blitzconquista.com.br\/wp-content\/uploads\/2021\/09\/Pastor-Rubem-130x86.jpg 130w, http:\/\/blitzconquista.com.br\/wp-content\/uploads\/2021\/09\/Pastor-Rubem-187x124.jpg 187w, http:\/\/blitzconquista.com.br\/wp-content\/uploads\/2021\/09\/Pastor-Rubem-990x658.jpg 990w, http:\/\/blitzconquista.com.br\/wp-content\/uploads\/2021\/09\/Pastor-Rubem-1320x877.jpg 1320w\" sizes=\"(max-width: 2560px) 100vw, 2560px\" \/><\/p>\n<p>&nbsp;<\/p>\n<p><span data-ccp-props=\"{&quot;201341983&quot;:0,&quot;335559739&quot;:160,&quot;335559740&quot;:259}\"> <img decoding=\"async\" loading=\"lazy\" class=\"aligncenter size-full wp-image-105996\" src=\"http:\/\/blitzconquista.com.br\/wp-content\/uploads\/2021\/09\/Povo-na-Praca2-scaled.jpg\" alt=\"\" width=\"2560\" height=\"1700\" srcset=\"http:\/\/blitzconquista.com.br\/wp-content\/uploads\/2021\/09\/Povo-na-Praca2-scaled.jpg 2560w, http:\/\/blitzconquista.com.br\/wp-content\/uploads\/2021\/09\/Povo-na-Praca2-300x200.jpg 300w, http:\/\/blitzconquista.com.br\/wp-content\/uploads\/2021\/09\/Povo-na-Praca2-695x462.jpg 695w, http:\/\/blitzconquista.com.br\/wp-content\/uploads\/2021\/09\/Povo-na-Praca2-768x510.jpg 768w, http:\/\/blitzconquista.com.br\/wp-content\/uploads\/2021\/09\/Povo-na-Praca2-1536x1020.jpg 1536w, http:\/\/blitzconquista.com.br\/wp-content\/uploads\/2021\/09\/Povo-na-Praca2-2048x1360.jpg 2048w, http:\/\/blitzconquista.com.br\/wp-content\/uploads\/2021\/09\/Povo-na-Praca2-414x276.jpg 414w, http:\/\/blitzconquista.com.br\/wp-content\/uploads\/2021\/09\/Povo-na-Praca2-470x313.jpg 470w, http:\/\/blitzconquista.com.br\/wp-content\/uploads\/2021\/09\/Povo-na-Praca2-640x426.jpg 640w, http:\/\/blitzconquista.com.br\/wp-content\/uploads\/2021\/09\/Povo-na-Praca2-130x86.jpg 130w, http:\/\/blitzconquista.com.br\/wp-content\/uploads\/2021\/09\/Povo-na-Praca2-187x124.jpg 187w, http:\/\/blitzconquista.com.br\/wp-content\/uploads\/2021\/09\/Povo-na-Praca2-990x658.jpg 990w, http:\/\/blitzconquista.com.br\/wp-content\/uploads\/2021\/09\/Povo-na-Praca2-1320x877.jpg 1320w\" sizes=\"(max-width: 2560px) 100vw, 2560px\" \/><\/span><\/p>\n<p>&nbsp;<\/p>\n<p><img decoding=\"async\" loading=\"lazy\" class=\"aligncenter size-full wp-image-105995\" src=\"http:\/\/blitzconquista.com.br\/wp-content\/uploads\/2021\/09\/Povo-na-Praca1-scaled.jpg\" alt=\"\" width=\"2560\" height=\"1700\" srcset=\"http:\/\/blitzconquista.com.br\/wp-content\/uploads\/2021\/09\/Povo-na-Praca1-scaled.jpg 2560w, http:\/\/blitzconquista.com.br\/wp-content\/uploads\/2021\/09\/Povo-na-Praca1-300x200.jpg 300w, http:\/\/blitzconquista.com.br\/wp-content\/uploads\/2021\/09\/Povo-na-Praca1-695x462.jpg 695w, http:\/\/blitzconquista.com.br\/wp-content\/uploads\/2021\/09\/Povo-na-Praca1-768x510.jpg 768w, http:\/\/blitzconquista.com.br\/wp-content\/uploads\/2021\/09\/Povo-na-Praca1-1536x1020.jpg 1536w, http:\/\/blitzconquista.com.br\/wp-content\/uploads\/2021\/09\/Povo-na-Praca1-2048x1360.jpg 2048w, http:\/\/blitzconquista.com.br\/wp-content\/uploads\/2021\/09\/Povo-na-Praca1-414x276.jpg 414w, http:\/\/blitzconquista.com.br\/wp-content\/uploads\/2021\/09\/Povo-na-Praca1-470x313.jpg 470w, http:\/\/blitzconquista.com.br\/wp-content\/uploads\/2021\/09\/Povo-na-Praca1-640x426.jpg 640w, http:\/\/blitzconquista.com.br\/wp-content\/uploads\/2021\/09\/Povo-na-Praca1-130x86.jpg 130w, http:\/\/blitzconquista.com.br\/wp-content\/uploads\/2021\/09\/Povo-na-Praca1-187x124.jpg 187w, http:\/\/blitzconquista.com.br\/wp-content\/uploads\/2021\/09\/Povo-na-Praca1-990x658.jpg 990w, http:\/\/blitzconquista.com.br\/wp-content\/uploads\/2021\/09\/Povo-na-Praca1-1320x877.jpg 1320w\" sizes=\"(max-width: 2560px) 100vw, 2560px\" \/><\/p>\n","protected":false},"excerpt":{"rendered":"<p>O\u00a0sete de setembro\u00a0em Vit\u00f3ria da Conquista foi marcado pelo colorido da bandeira nacional. Mas a festa foi realizada por evang\u00e9licos, que j\u00e1 caminham para transformar em tradi\u00e7\u00e3o algumas manifesta\u00e7\u00f5es em datas comemorativas de cunho c\u00edvico. Uma multid\u00e3o percorreu algumas ruas da regi\u00e3o central do munic\u00edpio at\u00e9 \u00e0 Pra\u00e7a Vitor Brito (Pra\u00e7a da B\u00edblia), onde cantaram [&hellip;]<\/p>\n","protected":false},"author":1,"featured_media":105997,"comment_status":"closed","ping_status":"closed","sticky":false,"template":"","format":"standard","meta":[],"categories":[5],"tags":[],"_links":{"self":[{"href":"http:\/\/blitzconquista.com.br\/index.php?rest_route=\/wp\/v2\/posts\/105992"}],"collection":[{"href":"http:\/\/blitzconquista.com.br\/index.php?rest_route=\/wp\/v2\/posts"}],"about":[{"href":"http:\/\/blitzconquista.com.br\/index.php?rest_route=\/wp\/v2\/types\/post"}],"author":[{"embeddable":true,"href":"http:\/\/blitzconquista.com.br\/index.php?rest_route=\/wp\/v2\/users\/1"}],"replies":[{"embeddable":true,"href":"http:\/\/blitzconquista.com.br\/index.php?rest_route=%2Fwp%2Fv2%2Fcomments&post=105992"}],"version-history":[{"count":1,"href":"http:\/\/blitzconquista.com.br\/index.php?rest_route=\/wp\/v2\/posts\/105992\/revisions"}],"predecessor-version":[{"id":105998,"href":"http:\/\/blitzconquista.com.br\/index.php?rest_route=\/wp\/v2\/posts\/105992\/revisions\/105998"}],"wp:featuredmedia":[{"embeddable":true,"href":"http:\/\/blitzconquista.com.br\/index.php?rest_route=\/wp\/v2\/media\/105997"}],"wp:attachment":[{"href":"http:\/\/blitzconquista.com.br\/index.php?rest_route=%2Fwp%2Fv2%2Fmedia&parent=105992"}],"wp:term":[{"taxonomy":"category","embeddable":true,"href":"http:\/\/blitzconquista.com.br\/index.php?rest_route=%2Fwp%2Fv2%2Fcategories&post=105992"},{"taxonomy":"post_tag","embeddable":true,"href":"http:\/\/blitzconquista.com.br\/index.php?rest_route=%2Fwp%2Fv2%2Ftags&post=105992"}],"curies":[{"name":"wp","href":"https:\/\/api.w.org\/{rel}","templated":true}]}}