{"id":106284,"date":"2021-09-15T05:35:20","date_gmt":"2021-09-15T08:35:20","guid":{"rendered":"http:\/\/blitzconquista.com.br\/?p=106284"},"modified":"2021-09-15T05:35:20","modified_gmt":"2021-09-15T08:35:20","slug":"caixa-abre-vaga-para-portador-de-deficiencia","status":"publish","type":"post","link":"http:\/\/blitzconquista.com.br\/?p=106284","title":{"rendered":"Caixa abre vaga para portador de defici\u00eancia"},"content":{"rendered":"<p><img decoding=\"async\" loading=\"lazy\" class=\"aligncenter  wp-image-106286\" src=\"http:\/\/blitzconquista.com.br\/wp-content\/uploads\/2021\/09\/Caixa-Economica-Federal.jpg\" alt=\"\" width=\"618\" height=\"501\" srcset=\"http:\/\/blitzconquista.com.br\/wp-content\/uploads\/2021\/09\/Caixa-Economica-Federal.jpg 731w, http:\/\/blitzconquista.com.br\/wp-content\/uploads\/2021\/09\/Caixa-Economica-Federal-300x243.jpg 300w, http:\/\/blitzconquista.com.br\/wp-content\/uploads\/2021\/09\/Caixa-Economica-Federal-695x564.jpg 695w, http:\/\/blitzconquista.com.br\/wp-content\/uploads\/2021\/09\/Caixa-Economica-Federal-260x210.jpg 260w\" sizes=\"(max-width: 618px) 100vw, 618px\" \/><\/p>\n<p><span class=\"NormalTextRun SCXW29149949 BCX8\">A Caixa Econ\u00f4mica Federal abriu mil vagas de emprego exclusivas para portadores de defici\u00eancia. O cargo \u00e9 de t\u00e9cnico banc\u00e1rio, com n\u00edvel m\u00e9dio e a remunera\u00e7\u00e3o inicial \u00e9 de tr\u00eas mil reais. As inscri\u00e7\u00f5es podem ser feitas at\u00e9 27 de setembro no site da\u00a0<\/span><span class=\"NormalTextRun SpellingErrorV2 SCXW29149949 BCX8\">Cesgranrio<\/span><span class=\"NormalTextRun SCXW29149949 BCX8\">, que \u00e9 o\u00a0<\/span><span class=\"NormalTextRun SpellingErrorV2 SCXW29149949 BCX8\">www<\/span><span class=\"NormalTextRun SCXW29149949 BCX8\">.Cesgranrio.Org.Br. A taxa de inscri\u00e7\u00e3o \u00e9 de trinta reais. Os candidatos ser\u00e3o avaliados por meio de prova objetiva e reda\u00e7\u00e3o, que ser\u00e3o aplicadas em 31 de outubro de 2021. Segundo a lei, podem ter direito \u00e0s cotas de concursos pessoas com defici\u00eancia f\u00edsica, auditiva, visual, mental ou m\u00faltipla, considerados incapazes ou limitados para o desempenho de atividades em geral. Os interessados devem comprovar por meio de laudo m\u00e9dico e certificado de reabilita\u00e7\u00e3o profissional, oferecido pelo INSS. Em 2019, dados da pr\u00f3pria Caixa mostravam que o \u00edndice de trabalhadores com defici\u00eancia em atua\u00e7\u00e3o no banco era de apenas 1,42%, menos de um ter\u00e7o do exigido por lei. A Caixa promete dez mil vagas de emprego ainda neste ano. Al\u00e9m destas mil oportunidades para portadores de defici\u00eancia ser\u00e3o convocados tr\u00eas mil da lista de aprovados no \u00faltimo concurso realizado em 2014. As demais vagas ser\u00e3o para estagi\u00e1rios, aprendizes, vigilantes e recepcionistas.<\/span><\/p>\n","protected":false},"excerpt":{"rendered":"<p>A Caixa Econ\u00f4mica Federal abriu mil vagas de emprego exclusivas para portadores de defici\u00eancia. O cargo \u00e9 de t\u00e9cnico banc\u00e1rio, com n\u00edvel m\u00e9dio e a remunera\u00e7\u00e3o inicial \u00e9 de tr\u00eas mil reais. As inscri\u00e7\u00f5es podem ser feitas at\u00e9 27 de setembro no site da\u00a0Cesgranrio, que \u00e9 o\u00a0www.Cesgranrio.Org.Br. A taxa de inscri\u00e7\u00e3o \u00e9 de trinta reais. [&hellip;]<\/p>\n","protected":false},"author":1,"featured_media":106286,"comment_status":"closed","ping_status":"closed","sticky":false,"template":"","format":"standard","meta":[],"categories":[478],"tags":[],"_links":{"self":[{"href":"http:\/\/blitzconquista.com.br\/index.php?rest_route=\/wp\/v2\/posts\/106284"}],"collection":[{"href":"http:\/\/blitzconquista.com.br\/index.php?rest_route=\/wp\/v2\/posts"}],"about":[{"href":"http:\/\/blitzconquista.com.br\/index.php?rest_route=\/wp\/v2\/types\/post"}],"author":[{"embeddable":true,"href":"http:\/\/blitzconquista.com.br\/index.php?rest_route=\/wp\/v2\/users\/1"}],"replies":[{"embeddable":true,"href":"http:\/\/blitzconquista.com.br\/index.php?rest_route=%2Fwp%2Fv2%2Fcomments&post=106284"}],"version-history":[{"count":1,"href":"http:\/\/blitzconquista.com.br\/index.php?rest_route=\/wp\/v2\/posts\/106284\/revisions"}],"predecessor-version":[{"id":106287,"href":"http:\/\/blitzconquista.com.br\/index.php?rest_route=\/wp\/v2\/posts\/106284\/revisions\/106287"}],"wp:featuredmedia":[{"embeddable":true,"href":"http:\/\/blitzconquista.com.br\/index.php?rest_route=\/wp\/v2\/media\/106286"}],"wp:attachment":[{"href":"http:\/\/blitzconquista.com.br\/index.php?rest_route=%2Fwp%2Fv2%2Fmedia&parent=106284"}],"wp:term":[{"taxonomy":"category","embeddable":true,"href":"http:\/\/blitzconquista.com.br\/index.php?rest_route=%2Fwp%2Fv2%2Fcategories&post=106284"},{"taxonomy":"post_tag","embeddable":true,"href":"http:\/\/blitzconquista.com.br\/index.php?rest_route=%2Fwp%2Fv2%2Ftags&post=106284"}],"curies":[{"name":"wp","href":"https:\/\/api.w.org\/{rel}","templated":true}]}}