{"id":106306,"date":"2021-09-15T18:40:04","date_gmt":"2021-09-15T21:40:04","guid":{"rendered":"http:\/\/blitzconquista.com.br\/?p=106306"},"modified":"2021-09-15T18:40:04","modified_gmt":"2021-09-15T21:40:04","slug":"tv-uesb-a-educadora-fatima-freire-no-giro-nordeste-nesta-quinta-feira-as-19h","status":"publish","type":"post","link":"http:\/\/blitzconquista.com.br\/?p=106306","title":{"rendered":"TV UESB &#8211; A educadora F\u00e1tima Freire no Giro Nordeste nesta quinta-feira \u00e0s 19h"},"content":{"rendered":"<p>&nbsp;<\/p>\n<p><iframe loading=\"lazy\" title=\"WhatsApp Video 2021 09 15 at 10 43 40\" width=\"1320\" height=\"743\" src=\"https:\/\/www.youtube.com\/embed\/T5YBhEZ0MqA?feature=oembed\" frameborder=\"0\" allow=\"accelerometer; autoplay; clipboard-write; encrypted-media; gyroscope; picture-in-picture\" allowfullscreen><\/iframe><\/p>\n<p>Na semana do centen\u00e1rio de Paulo Freire, a educadora F\u00e1tima Freire \u00e9 a entrevistada no programa Giro Nordeste desta quinta-feira (16), na TVE. Filha de Paulo Freire, Patrono da Educa\u00e7\u00e3o brasileira, F\u00e1tima \u00e9 formada em Pedagogia pela PUC de S\u00e3o Paulo, e possui gradua\u00e7\u00e3o em Filosofia, em L\u00ednguas Romanas e em Psicopedagogia. J\u00e1 atuou como educadora em muitos pa\u00edses e atualmente presta assessoria pedag\u00f3gica a diversas institui\u00e7\u00f5es, al\u00e9m de integrar o conselho do Instituto Paulo Freire. A atra\u00e7\u00e3o semanal come\u00e7a \u00e0s 19h, e entrevista personalidades nordestinas e nacionais com a participa\u00e7\u00e3o de jornalistas das emissoras p\u00fablicas de tv e r\u00e1dio do Nordeste.<\/p>\n<p>Ao vivo e sem intervalos, o programa Giro Nordeste \u00e9 ancorado por Juraci Santana, jornalista da TVE Bahia, com a participa\u00e7\u00e3o de jornalistas nos demais Estados. Al\u00e9m da Bahia, o Giro Nordeste \u00e9 exibido em Sergipe, Cear\u00e1, Alagoas, Maranh\u00e3o, Para\u00edba, Piau\u00ed, Pernambuco, Rio Grande do Norte, S\u00e3o Paulo e Esp\u00edrito Santo.<\/p>\n<p>O telespectador poder\u00e1 acompanhar o programa ao vivo pela internet atrav\u00e9s do Youtube, Facebook e Twitter da TVE Bahia. Quem quiser comentar nas suas redes sociais, basta utilizar a hashtag #GiroNordeste.<\/p>\n<p>Acompanhe a TVE Bahia nas redes sociais:<\/p>\n<p>instagram.com\/tvebahia<br \/>\nfacebook.com\/tvebahia<br \/>\nyoutube.com\/tvebahia<br \/>\ntwitter.com\/tvebahia<\/p>\n<p>*F\u00e1tima Freire \u00e9 a entrevistada do Giro Nordeste*<br \/>\nQuinta-feira, 16 de setembro, \u00e0s 19h<br \/>\nAo vivo na TVE, Facebook.com\/tvebahia, Youtube.com\/tvebahia e Twitter.com\/tvebahia<\/p>\n","protected":false},"excerpt":{"rendered":"<p>&nbsp; Na semana do centen\u00e1rio de Paulo Freire, a educadora F\u00e1tima Freire \u00e9 a entrevistada no programa Giro Nordeste desta quinta-feira (16), na TVE. Filha de Paulo Freire, Patrono da Educa\u00e7\u00e3o brasileira, F\u00e1tima \u00e9 formada em Pedagogia pela PUC de S\u00e3o Paulo, e possui gradua\u00e7\u00e3o em Filosofia, em L\u00ednguas Romanas e em Psicopedagogia. J\u00e1 atuou [&hellip;]<\/p>\n","protected":false},"author":1,"featured_media":106326,"comment_status":"closed","ping_status":"closed","sticky":false,"template":"","format":"standard","meta":[],"categories":[212,28],"tags":[],"_links":{"self":[{"href":"http:\/\/blitzconquista.com.br\/index.php?rest_route=\/wp\/v2\/posts\/106306"}],"collection":[{"href":"http:\/\/blitzconquista.com.br\/index.php?rest_route=\/wp\/v2\/posts"}],"about":[{"href":"http:\/\/blitzconquista.com.br\/index.php?rest_route=\/wp\/v2\/types\/post"}],"author":[{"embeddable":true,"href":"http:\/\/blitzconquista.com.br\/index.php?rest_route=\/wp\/v2\/users\/1"}],"replies":[{"embeddable":true,"href":"http:\/\/blitzconquista.com.br\/index.php?rest_route=%2Fwp%2Fv2%2Fcomments&post=106306"}],"version-history":[{"count":1,"href":"http:\/\/blitzconquista.com.br\/index.php?rest_route=\/wp\/v2\/posts\/106306\/revisions"}],"predecessor-version":[{"id":106327,"href":"http:\/\/blitzconquista.com.br\/index.php?rest_route=\/wp\/v2\/posts\/106306\/revisions\/106327"}],"wp:featuredmedia":[{"embeddable":true,"href":"http:\/\/blitzconquista.com.br\/index.php?rest_route=\/wp\/v2\/media\/106326"}],"wp:attachment":[{"href":"http:\/\/blitzconquista.com.br\/index.php?rest_route=%2Fwp%2Fv2%2Fmedia&parent=106306"}],"wp:term":[{"taxonomy":"category","embeddable":true,"href":"http:\/\/blitzconquista.com.br\/index.php?rest_route=%2Fwp%2Fv2%2Fcategories&post=106306"},{"taxonomy":"post_tag","embeddable":true,"href":"http:\/\/blitzconquista.com.br\/index.php?rest_route=%2Fwp%2Fv2%2Ftags&post=106306"}],"curies":[{"name":"wp","href":"https:\/\/api.w.org\/{rel}","templated":true}]}}