{"id":106428,"date":"2021-09-17T16:50:25","date_gmt":"2021-09-17T19:50:25","guid":{"rendered":"http:\/\/blitzconquista.com.br\/?p=106428"},"modified":"2021-09-17T16:51:27","modified_gmt":"2021-09-17T19:51:27","slug":"governo-estuda-voltar-com-horario-de-verao","status":"publish","type":"post","link":"http:\/\/blitzconquista.com.br\/?p=106428","title":{"rendered":"Governo estuda voltar com Hor\u00e1rio de Ver\u00e3o"},"content":{"rendered":"<h3 class=\"sinopse\" style=\"text-align: center;\">O presidente Jair Bolsonaro acabou com a medida em 2019. Mas empres\u00e1rios j\u00e1 defendem uma mexida no rel\u00f3gio para tentar estancar a crise energ\u00e9tica e h\u00eddrica que assola o pa\u00eds.<\/h3>\n<div><\/div>\n<div><img decoding=\"async\" loading=\"lazy\" class=\"aligncenter wp-image-106431\" src=\"http:\/\/blitzconquista.com.br\/wp-content\/uploads\/2021\/09\/Horario-de-Verao.jpg\" alt=\"\" width=\"475\" height=\"386\" srcset=\"http:\/\/blitzconquista.com.br\/wp-content\/uploads\/2021\/09\/Horario-de-Verao.jpg 683w, http:\/\/blitzconquista.com.br\/wp-content\/uploads\/2021\/09\/Horario-de-Verao-300x244.jpg 300w, http:\/\/blitzconquista.com.br\/wp-content\/uploads\/2021\/09\/Horario-de-Verao-260x210.jpg 260w\" sizes=\"(max-width: 475px) 100vw, 475px\" \/><\/div>\n<div><\/div>\n<div><span class=\"TextRun SCXW131214267 BCX8\" lang=\"PT-BR\" xml:lang=\"PT-BR\" data-contrast=\"auto\"><span class=\"NormalTextRun SCXW131214267 BCX8\">O governo encomendou um estudo para avaliar os impactos positivos na redu\u00e7\u00e3o do consumo de energia no hor\u00e1rio de ver\u00e3o. O presidente Jair Bolsonaro acabou com a medida em 2019. Por\u00e9m, neste ano, o pa\u00eds passa pela pior crise h\u00eddrica dos \u00faltimos 90 anos, o que fez com que a produ\u00e7\u00e3o de energia hidrel\u00e9trica n\u00e3o fosse suficiente para abastecer o pa\u00eds. Com isso, o governo recorreu para outras formas de produ\u00e7\u00e3o de energia, como as termel\u00e9tricas, que resultaram em uma taxa extra na conta de luz de mais de nove reais para cada 100 quilowatts hora consumidos. Agora, o executivo est\u00e1 disposto a rever a determina\u00e7\u00e3o que acabou com a mudan\u00e7a no rel\u00f3gio. O Operador Nacional do Sistema El\u00e9trico,\u00a0<\/span><span class=\"NormalTextRun ContextualSpellingAndGrammarErrorV2 SCXW131214267 BCX8\">o ONS<\/span><span class=\"NormalTextRun SCXW131214267 BCX8\">, ser\u00e1 o respons\u00e1vel por realizar o estudo. O Minist\u00e9rio de Minas e Energia afirmou em nota que n\u00e3o v\u00ea resultados no hor\u00e1rio de ver\u00e3o, mas concordou a realiza\u00e7\u00e3o do estudo. O hor\u00e1rio de ver\u00e3o consistia no adiamento do rel\u00f3gio em uma hora para que a popula\u00e7\u00e3o aproveitasse mais a luz do dia e reduzisse o consumo de energia. Al\u00e9m disso, a medida afetava o funcionamento dos grandes consumidores de energia como as ind\u00fastrias.<\/span><\/span><span class=\"EOP BookmarkStart BookmarkEnd SCXW131214267 BCX8\" data-ccp-props=\"{&quot;335559740&quot;:360}\">\u00a0<\/span><\/div>\n","protected":false},"excerpt":{"rendered":"<p>O presidente Jair Bolsonaro acabou com a medida em 2019. Mas empres\u00e1rios j\u00e1 defendem uma mexida no rel\u00f3gio para tentar estancar a crise energ\u00e9tica e h\u00eddrica que assola o pa\u00eds. O governo encomendou um estudo para avaliar os impactos positivos na redu\u00e7\u00e3o do consumo de energia no hor\u00e1rio de ver\u00e3o. O presidente Jair Bolsonaro acabou [&hellip;]<\/p>\n","protected":false},"author":1,"featured_media":106431,"comment_status":"closed","ping_status":"closed","sticky":false,"template":"","format":"standard","meta":[],"categories":[4],"tags":[],"_links":{"self":[{"href":"http:\/\/blitzconquista.com.br\/index.php?rest_route=\/wp\/v2\/posts\/106428"}],"collection":[{"href":"http:\/\/blitzconquista.com.br\/index.php?rest_route=\/wp\/v2\/posts"}],"about":[{"href":"http:\/\/blitzconquista.com.br\/index.php?rest_route=\/wp\/v2\/types\/post"}],"author":[{"embeddable":true,"href":"http:\/\/blitzconquista.com.br\/index.php?rest_route=\/wp\/v2\/users\/1"}],"replies":[{"embeddable":true,"href":"http:\/\/blitzconquista.com.br\/index.php?rest_route=%2Fwp%2Fv2%2Fcomments&post=106428"}],"version-history":[{"count":2,"href":"http:\/\/blitzconquista.com.br\/index.php?rest_route=\/wp\/v2\/posts\/106428\/revisions"}],"predecessor-version":[{"id":106433,"href":"http:\/\/blitzconquista.com.br\/index.php?rest_route=\/wp\/v2\/posts\/106428\/revisions\/106433"}],"wp:featuredmedia":[{"embeddable":true,"href":"http:\/\/blitzconquista.com.br\/index.php?rest_route=\/wp\/v2\/media\/106431"}],"wp:attachment":[{"href":"http:\/\/blitzconquista.com.br\/index.php?rest_route=%2Fwp%2Fv2%2Fmedia&parent=106428"}],"wp:term":[{"taxonomy":"category","embeddable":true,"href":"http:\/\/blitzconquista.com.br\/index.php?rest_route=%2Fwp%2Fv2%2Fcategories&post=106428"},{"taxonomy":"post_tag","embeddable":true,"href":"http:\/\/blitzconquista.com.br\/index.php?rest_route=%2Fwp%2Fv2%2Ftags&post=106428"}],"curies":[{"name":"wp","href":"https:\/\/api.w.org\/{rel}","templated":true}]}}