{"id":106512,"date":"2021-09-19T17:15:03","date_gmt":"2021-09-19T20:15:03","guid":{"rendered":"http:\/\/blitzconquista.com.br\/?p=106512"},"modified":"2021-09-19T17:15:03","modified_gmt":"2021-09-19T20:15:03","slug":"governador-lamenta-morte-do-professor-adeum-sauer","status":"publish","type":"post","link":"http:\/\/blitzconquista.com.br\/?p=106512","title":{"rendered":"Governador lamenta morte do professor Adeum Sauer"},"content":{"rendered":"<p><img decoding=\"async\" loading=\"lazy\" class=\"aligncenter size-full wp-image-106514\" src=\"http:\/\/blitzconquista.com.br\/wp-content\/uploads\/2021\/09\/Adeum-Sauer.jpg\" alt=\"\" width=\"1280\" height=\"850\" srcset=\"http:\/\/blitzconquista.com.br\/wp-content\/uploads\/2021\/09\/Adeum-Sauer.jpg 1280w, http:\/\/blitzconquista.com.br\/wp-content\/uploads\/2021\/09\/Adeum-Sauer-300x200.jpg 300w, http:\/\/blitzconquista.com.br\/wp-content\/uploads\/2021\/09\/Adeum-Sauer-695x462.jpg 695w, http:\/\/blitzconquista.com.br\/wp-content\/uploads\/2021\/09\/Adeum-Sauer-768x510.jpg 768w, http:\/\/blitzconquista.com.br\/wp-content\/uploads\/2021\/09\/Adeum-Sauer-414x276.jpg 414w, http:\/\/blitzconquista.com.br\/wp-content\/uploads\/2021\/09\/Adeum-Sauer-470x313.jpg 470w, http:\/\/blitzconquista.com.br\/wp-content\/uploads\/2021\/09\/Adeum-Sauer-640x426.jpg 640w, http:\/\/blitzconquista.com.br\/wp-content\/uploads\/2021\/09\/Adeum-Sauer-130x86.jpg 130w, http:\/\/blitzconquista.com.br\/wp-content\/uploads\/2021\/09\/Adeum-Sauer-187x124.jpg 187w, http:\/\/blitzconquista.com.br\/wp-content\/uploads\/2021\/09\/Adeum-Sauer-990x657.jpg 990w\" sizes=\"(max-width: 1280px) 100vw, 1280px\" \/><\/p>\n<p>O governador Rui Costa lamentou neste domingo (19), por meio das redes sociais, a morte de Adeum Hil\u00e1rio Sauer. Professor da Universidade Estadual de Santa Cruz (Uesc), Adeum Sauer foi secret\u00e1rio da Educa\u00e7\u00e3o do Estado entre os anos de 2007 e 2009.<\/p>\n<p>Na publica\u00e7\u00e3o, Rui destacou que &#8220;sua trajet\u00f3ria foi marcada pelo empenho em transformar a vida de baianos e baianas pela educa\u00e7\u00e3o. Que Deus conforte seus familiares e amigos neste momento de dor&#8221;.<\/p>\n<p>&nbsp;<\/p>\n<p>Fonte: Ascom &#8211; GOV\/BA<\/p>\n","protected":false},"excerpt":{"rendered":"<p>O governador Rui Costa lamentou neste domingo (19), por meio das redes sociais, a morte de Adeum Hil\u00e1rio Sauer. Professor da Universidade Estadual de Santa Cruz (Uesc), Adeum Sauer foi secret\u00e1rio da Educa\u00e7\u00e3o do Estado entre os anos de 2007 e 2009. Na publica\u00e7\u00e3o, Rui destacou que &#8220;sua trajet\u00f3ria foi marcada pelo empenho em transformar [&hellip;]<\/p>\n","protected":false},"author":1,"featured_media":106514,"comment_status":"closed","ping_status":"closed","sticky":false,"template":"","format":"standard","meta":[],"categories":[4],"tags":[],"_links":{"self":[{"href":"http:\/\/blitzconquista.com.br\/index.php?rest_route=\/wp\/v2\/posts\/106512"}],"collection":[{"href":"http:\/\/blitzconquista.com.br\/index.php?rest_route=\/wp\/v2\/posts"}],"about":[{"href":"http:\/\/blitzconquista.com.br\/index.php?rest_route=\/wp\/v2\/types\/post"}],"author":[{"embeddable":true,"href":"http:\/\/blitzconquista.com.br\/index.php?rest_route=\/wp\/v2\/users\/1"}],"replies":[{"embeddable":true,"href":"http:\/\/blitzconquista.com.br\/index.php?rest_route=%2Fwp%2Fv2%2Fcomments&post=106512"}],"version-history":[{"count":1,"href":"http:\/\/blitzconquista.com.br\/index.php?rest_route=\/wp\/v2\/posts\/106512\/revisions"}],"predecessor-version":[{"id":106515,"href":"http:\/\/blitzconquista.com.br\/index.php?rest_route=\/wp\/v2\/posts\/106512\/revisions\/106515"}],"wp:featuredmedia":[{"embeddable":true,"href":"http:\/\/blitzconquista.com.br\/index.php?rest_route=\/wp\/v2\/media\/106514"}],"wp:attachment":[{"href":"http:\/\/blitzconquista.com.br\/index.php?rest_route=%2Fwp%2Fv2%2Fmedia&parent=106512"}],"wp:term":[{"taxonomy":"category","embeddable":true,"href":"http:\/\/blitzconquista.com.br\/index.php?rest_route=%2Fwp%2Fv2%2Fcategories&post=106512"},{"taxonomy":"post_tag","embeddable":true,"href":"http:\/\/blitzconquista.com.br\/index.php?rest_route=%2Fwp%2Fv2%2Ftags&post=106512"}],"curies":[{"name":"wp","href":"https:\/\/api.w.org\/{rel}","templated":true}]}}