{"id":106516,"date":"2021-09-19T18:33:57","date_gmt":"2021-09-19T21:33:57","guid":{"rendered":"http:\/\/blitzconquista.com.br\/?p=106516"},"modified":"2021-09-19T18:33:57","modified_gmt":"2021-09-19T21:33:57","slug":"reducao-do-icms-atrai-voo-para-guanambi-e-retomada-da-linha-para-paulo-afonso","status":"publish","type":"post","link":"http:\/\/blitzconquista.com.br\/?p=106516","title":{"rendered":"Redu\u00e7\u00e3o do ICMS atrai voo para Guanambi e retomada da linha para Paulo Afonso"},"content":{"rendered":"<p><img decoding=\"async\" loading=\"lazy\" class=\"aligncenter size-full wp-image-106519\" src=\"http:\/\/blitzconquista.com.br\/wp-content\/uploads\/2021\/09\/ATR72.-600_AZUL_IMG_18191280DAN.jpg\" alt=\"\" width=\"1280\" height=\"853\" srcset=\"http:\/\/blitzconquista.com.br\/wp-content\/uploads\/2021\/09\/ATR72.-600_AZUL_IMG_18191280DAN.jpg 1280w, http:\/\/blitzconquista.com.br\/wp-content\/uploads\/2021\/09\/ATR72.-600_AZUL_IMG_18191280DAN-300x200.jpg 300w, http:\/\/blitzconquista.com.br\/wp-content\/uploads\/2021\/09\/ATR72.-600_AZUL_IMG_18191280DAN-695x463.jpg 695w, http:\/\/blitzconquista.com.br\/wp-content\/uploads\/2021\/09\/ATR72.-600_AZUL_IMG_18191280DAN-768x512.jpg 768w, http:\/\/blitzconquista.com.br\/wp-content\/uploads\/2021\/09\/ATR72.-600_AZUL_IMG_18191280DAN-414x276.jpg 414w, http:\/\/blitzconquista.com.br\/wp-content\/uploads\/2021\/09\/ATR72.-600_AZUL_IMG_18191280DAN-470x313.jpg 470w, http:\/\/blitzconquista.com.br\/wp-content\/uploads\/2021\/09\/ATR72.-600_AZUL_IMG_18191280DAN-640x426.jpg 640w, http:\/\/blitzconquista.com.br\/wp-content\/uploads\/2021\/09\/ATR72.-600_AZUL_IMG_18191280DAN-130x86.jpg 130w, http:\/\/blitzconquista.com.br\/wp-content\/uploads\/2021\/09\/ATR72.-600_AZUL_IMG_18191280DAN-187x124.jpg 187w, http:\/\/blitzconquista.com.br\/wp-content\/uploads\/2021\/09\/ATR72.-600_AZUL_IMG_18191280DAN-990x660.jpg 990w\" sizes=\"(max-width: 1280px) 100vw, 1280px\" \/><\/p>\n<p>Depois que o Governo do Estado reduziu a al\u00edquota do ICMS sobre o querosene usado na avia\u00e7\u00e3o, as empresas \u00e1reas est\u00e3o investindo na implanta\u00e7\u00e3o de novos voos e retomada de linhas que estavam desativadas na Bahia. Na pr\u00f3xima segunda-feira (20), acontece o voo inaugural da empresa a\u00e9rea Azul para Guanambi, no sudoeste baiano, partindo do aeroporto de Confins, em Belo Horizonte, com quatro frequ\u00eancias semanais.<\/p>\n<p>A Azul j\u00e1 tinha anunciado para outubro a retomada dos voos para Len\u00e7\u00f3is, na Chapada Diamantina, duas vezes por semana. Em dezembro, a empresa vai retomar tamb\u00e9m os voos para o munic\u00edpio de Paulo Afonso, na regi\u00e3o norte, mas ainda n\u00e3o anunciou detalhes da opera\u00e7\u00e3o.<\/p>\n<p>&#8220;Outra boa not\u00edcia \u00e9 que a Infraero vai passar a administra\u00e7\u00e3o do aeroporto de Paulo Afonso para o Governo do Estado. Assim que a transfer\u00eancia for concretizada, vamos fazer interven\u00e7\u00f5es para melhorar o equipamento&#8221;, relatou o secret\u00e1rio estadual de Infraestrutura, Marcus Cavalcanti.<\/p>\n<p>A Latam Linhas \u00c1reas j\u00e1 est\u00e1 realizando o novo voo regular de S\u00e3o Paulo para a Ilha de Comandatuba, no sul do estado, com sa\u00edda do aeroporto de Congonhas e duas opera\u00e7\u00f5es por semana. Antes, a empresa fazia somente voos charters para a ilha. Ser\u00e1 tamb\u00e9m da Latam, em dezembro, o voo de S\u00e3o Paulo para Vit\u00f3ria da Conquista, no sudoeste baiano, com partida do aeroporto de Guarulhos e cinco frequ\u00eancias semanais.<\/p>\n<p>&#8220;Apesar de o Governo Federal tentar pongar no esfor\u00e7o que o Governo da Bahia tem feito para a retomada do turismo, o trade sabe que os novos voos s\u00f3 est\u00e3o chegando, por causa da pol\u00edtica de incentivo fiscal do Estado e de outras a\u00e7\u00f5es no setor. Essa \u00e9 a verdade. E vamos continuar trabalhando para atrair mais linhas&#8221;, ressaltou o secret\u00e1rio estadual do Turismo, Maur\u00edcio Bacelar.<\/p>\n<p>&nbsp;<\/p>\n<p>Fonte: Ascom &#8211; GOV\/BA<\/p>\n","protected":false},"excerpt":{"rendered":"<p>Depois que o Governo do Estado reduziu a al\u00edquota do ICMS sobre o querosene usado na avia\u00e7\u00e3o, as empresas \u00e1reas est\u00e3o investindo na implanta\u00e7\u00e3o de novos voos e retomada de linhas que estavam desativadas na Bahia. Na pr\u00f3xima segunda-feira (20), acontece o voo inaugural da empresa a\u00e9rea Azul para Guanambi, no sudoeste baiano, partindo do [&hellip;]<\/p>\n","protected":false},"author":1,"featured_media":106519,"comment_status":"closed","ping_status":"closed","sticky":false,"template":"","format":"standard","meta":[],"categories":[4],"tags":[],"_links":{"self":[{"href":"http:\/\/blitzconquista.com.br\/index.php?rest_route=\/wp\/v2\/posts\/106516"}],"collection":[{"href":"http:\/\/blitzconquista.com.br\/index.php?rest_route=\/wp\/v2\/posts"}],"about":[{"href":"http:\/\/blitzconquista.com.br\/index.php?rest_route=\/wp\/v2\/types\/post"}],"author":[{"embeddable":true,"href":"http:\/\/blitzconquista.com.br\/index.php?rest_route=\/wp\/v2\/users\/1"}],"replies":[{"embeddable":true,"href":"http:\/\/blitzconquista.com.br\/index.php?rest_route=%2Fwp%2Fv2%2Fcomments&post=106516"}],"version-history":[{"count":1,"href":"http:\/\/blitzconquista.com.br\/index.php?rest_route=\/wp\/v2\/posts\/106516\/revisions"}],"predecessor-version":[{"id":106520,"href":"http:\/\/blitzconquista.com.br\/index.php?rest_route=\/wp\/v2\/posts\/106516\/revisions\/106520"}],"wp:featuredmedia":[{"embeddable":true,"href":"http:\/\/blitzconquista.com.br\/index.php?rest_route=\/wp\/v2\/media\/106519"}],"wp:attachment":[{"href":"http:\/\/blitzconquista.com.br\/index.php?rest_route=%2Fwp%2Fv2%2Fmedia&parent=106516"}],"wp:term":[{"taxonomy":"category","embeddable":true,"href":"http:\/\/blitzconquista.com.br\/index.php?rest_route=%2Fwp%2Fv2%2Fcategories&post=106516"},{"taxonomy":"post_tag","embeddable":true,"href":"http:\/\/blitzconquista.com.br\/index.php?rest_route=%2Fwp%2Fv2%2Ftags&post=106516"}],"curies":[{"name":"wp","href":"https:\/\/api.w.org\/{rel}","templated":true}]}}