{"id":106542,"date":"2021-09-20T11:09:18","date_gmt":"2021-09-20T14:09:18","guid":{"rendered":"http:\/\/blitzconquista.com.br\/?p=106542"},"modified":"2021-09-20T11:09:18","modified_gmt":"2021-09-20T14:09:18","slug":"aumento-do-iof-vai-mexer-no-seu-bolso","status":"publish","type":"post","link":"http:\/\/blitzconquista.com.br\/?p=106542","title":{"rendered":"Aumento do IOF vai mexer no seu bolso"},"content":{"rendered":"<h3 class=\"sinopse\" style=\"text-align: center;\">A alta do imposto passa a valer nesta segunda-feira. O rep\u00f3rter Henrique Carmo conversou com especialistas em economia e pol\u00edtica para explicar os efeitos da medida<\/h3>\n<p><img decoding=\"async\" loading=\"lazy\" class=\"aligncenter size-full wp-image-106548\" src=\"http:\/\/blitzconquista.com.br\/wp-content\/uploads\/2021\/09\/Aumento-de-IOF.jpg\" alt=\"\" width=\"663\" height=\"536\" srcset=\"http:\/\/blitzconquista.com.br\/wp-content\/uploads\/2021\/09\/Aumento-de-IOF.jpg 663w, http:\/\/blitzconquista.com.br\/wp-content\/uploads\/2021\/09\/Aumento-de-IOF-300x243.jpg 300w, http:\/\/blitzconquista.com.br\/wp-content\/uploads\/2021\/09\/Aumento-de-IOF-260x210.jpg 260w\" sizes=\"(max-width: 663px) 100vw, 663px\" \/><\/p>\n<p><span data-contrast=\"auto\">Come\u00e7a a valer nesta segunda-feira as novas al\u00edquotas no imposto sobre opera\u00e7\u00f5es financeiras, o\u00a0IOF. O governo federal editou na semana passada um decreto que permite o aumento do imposto at\u00e9 o fim deste ano. O governo afirma que com este reajuste ser\u00e1 poss\u00edvel bancar parte do novo programa de distribui\u00e7\u00e3o de renda que vai substituir o bolsa fam\u00edlia. O economista\u00a0Roberto\u00a0Piscitelli\u00a0destaca quais ser\u00e3o os efeitos na alta do\u00a0IOF\u00a0no pa\u00eds.\u00a0<\/span><span data-ccp-props=\"{&quot;335559740&quot;:360}\">\u00a0<\/span><\/p>\n<p><span style=\"color: #3366ff;\">\u00a0&#8220;<i>As consequ\u00eancias s\u00e3o imediatas no encarecimento do cr\u00e9dito para as empresas que dependem de capital de giro para os seus neg\u00f3cios e para os consumidores que est\u00e3o j\u00e1 muito endividados e enfrentam o problema do aumento de juros, com a eleva\u00e7\u00e3o da infla\u00e7\u00e3o e a queda do n\u00edvel de renda. \u00c9 um conjunto de fatores negativos. A medida, assim,\u00a0a grosso modo, eu consideraria como de car\u00e1ter inflacion\u00e1rio e recessivo.<\/i>\u00a0<\/span><\/p>\n<p><span style=\"color: #3366ff;\"><i>Essa \u00e9 possivelmente a estrat\u00e9gia deste governo. Numa s\u00edntese, eu diria o seguinte: tira-se da classe m\u00e9dia, para os pobres; porque n\u00e3o se tem coragem de tirar dos ricos.<\/i>&#8220;<\/span><\/p>\n<p><span data-contrast=\"auto\">J\u00e1 o cientista pol\u00edtico,\u00a0Valdir\u00a0Pucci, explica a real intens\u00e3o do governo com a alta no imposto.\u00a0<\/span><span data-ccp-props=\"{&quot;335559740&quot;:360}\">\u00a0<\/span><\/p>\n<p><span style=\"color: #3366ff;\"><i>&#8220;Claramente, essa \u00e9 uma pol\u00edtica voltada para as elei\u00e7\u00f5es de 2022, ou seja, o presidente que segue em baixa com na sua popularidade, ele tenta \u00e9 se fortalecer, atingindo o bolsa fam\u00edlia, no sentido de aumentar os recursos para as classes mais menos favorecidas da sociedade brasileira. Ent\u00e3o, \u00e9 uma tentativa de reverter um quadro de impopularidade, de aumento de impopularidade.&#8221;<\/i><\/span><span data-ccp-props=\"{}\"><br \/>\n<\/span><\/p>\n<p><span data-contrast=\"auto\">Para pessoas f\u00edsicas, a taxa do\u00a0IOF\u00a0passa de tr\u00eas por cento para 4,08 por cento anual. Para as empresas, o imposto passa de um e meio por cento para 2,04 por cento.<\/span><\/p>\n","protected":false},"excerpt":{"rendered":"<p>A alta do imposto passa a valer nesta segunda-feira. O rep\u00f3rter Henrique Carmo conversou com especialistas em economia e pol\u00edtica para explicar os efeitos da medida Come\u00e7a a valer nesta segunda-feira as novas al\u00edquotas no imposto sobre opera\u00e7\u00f5es financeiras, o\u00a0IOF. O governo federal editou na semana passada um decreto que permite o aumento do imposto [&hellip;]<\/p>\n","protected":false},"author":1,"featured_media":106548,"comment_status":"closed","ping_status":"closed","sticky":false,"template":"","format":"standard","meta":[],"categories":[1,5],"tags":[],"_links":{"self":[{"href":"http:\/\/blitzconquista.com.br\/index.php?rest_route=\/wp\/v2\/posts\/106542"}],"collection":[{"href":"http:\/\/blitzconquista.com.br\/index.php?rest_route=\/wp\/v2\/posts"}],"about":[{"href":"http:\/\/blitzconquista.com.br\/index.php?rest_route=\/wp\/v2\/types\/post"}],"author":[{"embeddable":true,"href":"http:\/\/blitzconquista.com.br\/index.php?rest_route=\/wp\/v2\/users\/1"}],"replies":[{"embeddable":true,"href":"http:\/\/blitzconquista.com.br\/index.php?rest_route=%2Fwp%2Fv2%2Fcomments&post=106542"}],"version-history":[{"count":1,"href":"http:\/\/blitzconquista.com.br\/index.php?rest_route=\/wp\/v2\/posts\/106542\/revisions"}],"predecessor-version":[{"id":106549,"href":"http:\/\/blitzconquista.com.br\/index.php?rest_route=\/wp\/v2\/posts\/106542\/revisions\/106549"}],"wp:featuredmedia":[{"embeddable":true,"href":"http:\/\/blitzconquista.com.br\/index.php?rest_route=\/wp\/v2\/media\/106548"}],"wp:attachment":[{"href":"http:\/\/blitzconquista.com.br\/index.php?rest_route=%2Fwp%2Fv2%2Fmedia&parent=106542"}],"wp:term":[{"taxonomy":"category","embeddable":true,"href":"http:\/\/blitzconquista.com.br\/index.php?rest_route=%2Fwp%2Fv2%2Fcategories&post=106542"},{"taxonomy":"post_tag","embeddable":true,"href":"http:\/\/blitzconquista.com.br\/index.php?rest_route=%2Fwp%2Fv2%2Ftags&post=106542"}],"curies":[{"name":"wp","href":"https:\/\/api.w.org\/{rel}","templated":true}]}}