{"id":107364,"date":"2021-10-08T11:05:18","date_gmt":"2021-10-08T14:05:18","guid":{"rendered":"http:\/\/blitzconquista.com.br\/?p=107364"},"modified":"2021-10-08T11:05:18","modified_gmt":"2021-10-08T14:05:18","slug":"a-prf-iniciou-na-ultima-segunda-feira-04-de-outubro-a-operacao-nossa-senhora-de-aparecida-2021-nas-rodovias-e-estradas-federais-da-bahia","status":"publish","type":"post","link":"http:\/\/blitzconquista.com.br\/?p=107364","title":{"rendered":"A PRF iniciou na \u00faltima segunda-feira, 04 de outubro, a Opera\u00e7\u00e3o Nossa Senhora de Aparecida 2021 nas rodovias e estradas federais da Bahia."},"content":{"rendered":"<p><span class=\"\"><img decoding=\"async\" loading=\"lazy\" class=\"aligncenter  wp-image-107366\" src=\"http:\/\/blitzconquista.com.br\/wp-content\/uploads\/2021\/10\/prfba.oficial-Opercao-NSA.jpg\" alt=\"\" width=\"629\" height=\"629\" srcset=\"http:\/\/blitzconquista.com.br\/wp-content\/uploads\/2021\/10\/prfba.oficial-Opercao-NSA.jpg 1080w, http:\/\/blitzconquista.com.br\/wp-content\/uploads\/2021\/10\/prfba.oficial-Opercao-NSA-300x300.jpg 300w, http:\/\/blitzconquista.com.br\/wp-content\/uploads\/2021\/10\/prfba.oficial-Opercao-NSA-653x653.jpg 653w, http:\/\/blitzconquista.com.br\/wp-content\/uploads\/2021\/10\/prfba.oficial-Opercao-NSA-150x150.jpg 150w, http:\/\/blitzconquista.com.br\/wp-content\/uploads\/2021\/10\/prfba.oficial-Opercao-NSA-768x768.jpg 768w, http:\/\/blitzconquista.com.br\/wp-content\/uploads\/2021\/10\/prfba.oficial-Opercao-NSA-65x65.jpg 65w, http:\/\/blitzconquista.com.br\/wp-content\/uploads\/2021\/10\/prfba.oficial-Opercao-NSA-990x990.jpg 990w\" sizes=\"(max-width: 629px) 100vw, 629px\" \/><\/p>\n<p>A opera\u00e7\u00e3o, que segue at\u00e9 ter\u00e7a-feira, 12 de outubro, ir\u00e1 priorizar a\u00e7\u00f5es voltadas \u00e0 seguran\u00e7a vi\u00e1ria, preven\u00e7\u00e3o e redu\u00e7\u00e3o da gravidade dos acidentes de tr\u00e2nsito e \u00e0 garantia da mobilidade nas rodovias do pa\u00eds.<\/p>\n<p>Mesmo em um momento diferenciado com as restri\u00e7\u00f5es e medidas preventivas de combate a dissemina\u00e7\u00e3o do Coronav\u00edrus, estamos preparados para um aumento do fluxo de ve\u00edculos e para isso, nossos policiais j\u00e1 est\u00e3o refor\u00e7ando trechos estrat\u00e9gicos nos mais de 10 mil quil\u00f4metros que cortam o estado.<\/p>\n<p>Ser\u00e1 dada aten\u00e7\u00e3o especial as a\u00e7\u00f5es de controle de velocidade, fiscaliza\u00e7\u00e3o de ultrapassagens em trechos de pista simples e a realiza\u00e7\u00e3o de exames de baf\u00f4metro, para combater a embriaguez ao volante.<\/p>\n<p>O uso do cinto de seguran\u00e7a, do capacete e dos dispositivos de reten\u00e7\u00e3o para crian\u00e7as, al\u00e9m de fiscaliza\u00e7\u00f5es espec\u00edficas de motocicletas e condi\u00e7\u00f5es de conserva\u00e7\u00e3o dos ve\u00edculos, tamb\u00e9m est\u00e3o entre os focos das equipes.<\/p>\n<p>Al\u00e9m dos trabalhos de preven\u00e7\u00e3o e manuten\u00e7\u00e3o da seguran\u00e7a vi\u00e1ria e da mobilidade, atuaremos no combate ao crime, em especial realizando abordagens focadas nas informa\u00e7\u00f5es do servi\u00e7o de intelig\u00eancia e a utiliza\u00e7\u00e3o de ferramentas de tecnologia, para prender criminosos, recuperar ve\u00edculos roubados e retirar armas ilegais, drogas e produtos contrabandeados de circula\u00e7\u00e3o.<\/p>\n<p>Aten\u00e7\u00e3o motoristas profissionais (ve\u00edculos de carga)! N\u00c3O haver\u00e1 restri\u00e7\u00e3o de tr\u00e1fego no per\u00edodo da Opera\u00e7\u00e3o Nossa Senhora de Aparecida 2021.<\/p>\n<p>Desejamos um bom feriado a todos e refor\u00e7amos que o condutor deve manter aten\u00e7\u00e3o constante ao trafegar no tr\u00e2nsito.<br \/>\n<\/span><\/p>\n<p><span class=\"\">Fonte: N\u00facleo de Comunica\u00e7\u00e3o Social \u2013 SPRF\/BA<br \/>\nPol\u00edcia Rodovi\u00e1ria Federal<\/span><\/p>\n<p><span class=\"\">#blitzconquista #prfblitzconquista<\/span><\/p>\n","protected":false},"excerpt":{"rendered":"<p>A opera\u00e7\u00e3o, que segue at\u00e9 ter\u00e7a-feira, 12 de outubro, ir\u00e1 priorizar a\u00e7\u00f5es voltadas \u00e0 seguran\u00e7a vi\u00e1ria, preven\u00e7\u00e3o e redu\u00e7\u00e3o da gravidade dos acidentes de tr\u00e2nsito e \u00e0 garantia da mobilidade nas rodovias do pa\u00eds. Mesmo em um momento diferenciado com as restri\u00e7\u00f5es e medidas preventivas de combate a dissemina\u00e7\u00e3o do Coronav\u00edrus, estamos preparados para um [&hellip;]<\/p>\n","protected":false},"author":1,"featured_media":107366,"comment_status":"closed","ping_status":"closed","sticky":false,"template":"","format":"standard","meta":[],"categories":[7],"tags":[],"_links":{"self":[{"href":"http:\/\/blitzconquista.com.br\/index.php?rest_route=\/wp\/v2\/posts\/107364"}],"collection":[{"href":"http:\/\/blitzconquista.com.br\/index.php?rest_route=\/wp\/v2\/posts"}],"about":[{"href":"http:\/\/blitzconquista.com.br\/index.php?rest_route=\/wp\/v2\/types\/post"}],"author":[{"embeddable":true,"href":"http:\/\/blitzconquista.com.br\/index.php?rest_route=\/wp\/v2\/users\/1"}],"replies":[{"embeddable":true,"href":"http:\/\/blitzconquista.com.br\/index.php?rest_route=%2Fwp%2Fv2%2Fcomments&post=107364"}],"version-history":[{"count":1,"href":"http:\/\/blitzconquista.com.br\/index.php?rest_route=\/wp\/v2\/posts\/107364\/revisions"}],"predecessor-version":[{"id":107367,"href":"http:\/\/blitzconquista.com.br\/index.php?rest_route=\/wp\/v2\/posts\/107364\/revisions\/107367"}],"wp:featuredmedia":[{"embeddable":true,"href":"http:\/\/blitzconquista.com.br\/index.php?rest_route=\/wp\/v2\/media\/107366"}],"wp:attachment":[{"href":"http:\/\/blitzconquista.com.br\/index.php?rest_route=%2Fwp%2Fv2%2Fmedia&parent=107364"}],"wp:term":[{"taxonomy":"category","embeddable":true,"href":"http:\/\/blitzconquista.com.br\/index.php?rest_route=%2Fwp%2Fv2%2Fcategories&post=107364"},{"taxonomy":"post_tag","embeddable":true,"href":"http:\/\/blitzconquista.com.br\/index.php?rest_route=%2Fwp%2Fv2%2Ftags&post=107364"}],"curies":[{"name":"wp","href":"https:\/\/api.w.org\/{rel}","templated":true}]}}