{"id":107550,"date":"2021-10-13T23:12:24","date_gmt":"2021-10-14T02:12:24","guid":{"rendered":"http:\/\/blitzconquista.com.br\/?p=107550"},"modified":"2021-10-13T23:12:24","modified_gmt":"2021-10-14T02:12:24","slug":"rui-costa-anuncia-proibicao-de-festas-do-tipo-paredao-na-bahia","status":"publish","type":"post","link":"http:\/\/blitzconquista.com.br\/?p=107550","title":{"rendered":"Rui Costa anuncia proibi\u00e7\u00e3o de festas do tipo \u201cpared\u00e3o\u201d na Bahia"},"content":{"rendered":"<figure id=\"attachment_107553\" aria-describedby=\"caption-attachment-107553\" style=\"width: 800px\" class=\"wp-caption aligncenter\"><img decoding=\"async\" loading=\"lazy\" class=\"wp-image-107553 size-full\" src=\"http:\/\/blitzconquista.com.br\/wp-content\/uploads\/2021\/10\/Carro-de-Som-Paredao.jpg\" alt=\"\" width=\"800\" height=\"600\" srcset=\"http:\/\/blitzconquista.com.br\/wp-content\/uploads\/2021\/10\/Carro-de-Som-Paredao.jpg 800w, http:\/\/blitzconquista.com.br\/wp-content\/uploads\/2021\/10\/Carro-de-Som-Paredao-300x225.jpg 300w, http:\/\/blitzconquista.com.br\/wp-content\/uploads\/2021\/10\/Carro-de-Som-Paredao-695x521.jpg 695w, http:\/\/blitzconquista.com.br\/wp-content\/uploads\/2021\/10\/Carro-de-Som-Paredao-768x576.jpg 768w, http:\/\/blitzconquista.com.br\/wp-content\/uploads\/2021\/10\/Carro-de-Som-Paredao-74x55.jpg 74w, http:\/\/blitzconquista.com.br\/wp-content\/uploads\/2021\/10\/Carro-de-Som-Paredao-111x83.jpg 111w, http:\/\/blitzconquista.com.br\/wp-content\/uploads\/2021\/10\/Carro-de-Som-Paredao-215x161.jpg 215w\" sizes=\"(max-width: 800px) 100vw, 800px\" \/><figcaption id=\"caption-attachment-107553\" class=\"wp-caption-text\">Imagem: Ilustra\u00e7\u00e3o<\/figcaption><\/figure>\n<p>A realiza\u00e7\u00e3o de festas em ruas sem comunica\u00e7\u00e3o pr\u00e9via \u00e0s autoridades ser\u00e1 proibida na Bahia. O an\u00fancio foi feito pelo governador Rui Costa nesta quarta-feira (13), durante o lan\u00e7amento da Opera\u00e7\u00e3o Ver\u00e3o da Secretaria da Seguran\u00e7a P\u00fablica. De acordo com Rui, a orienta\u00e7\u00e3o \u00e9 para que a pol\u00edcia apreenda equipamentos sonoros e os respons\u00e1veis por esses eventos.<\/p>\n<p><em>&#8220;N\u00e3o \u00e9 poss\u00edvel a gente ficar passivo a essas realiza\u00e7\u00f5es de festas na rua, clandestinas, que fecham ruas, botam um som alto, incomoda os vizinhos. Eu diria at\u00e9 que intimidam parte da popula\u00e7\u00e3o que manda nesses locais porque muitas das fam\u00edlias tem crian\u00e7as pequenas em casa rec\u00e9m-nascidos. Tem idosos doentes e que \u00e9&#8230; esses pared\u00f5es com som alto; e nenhum deles coitados tem coragem, tem condi\u00e7\u00e3o de ir reclamar. S\u00e3o festas clandestinas, ilegais e n\u00f3s n\u00e3o permitiremos mais a realiza\u00e7\u00e3o.\u00a0<\/em><\/p>\n<p><em>Quem quiser&#8230; Festa popular \u00e9 bem-vinda, mas tem que ser previamente comunicada \u00e0 prefeitura, previamente comunicada \u00e0 pol\u00edcia militar para que as medidas de prote\u00e7\u00e3o sejam adotadas. Se n\u00e3o tiver solicita\u00e7\u00e3o e comunica\u00e7\u00e3o da prefeitura e n\u00e3o tiver comunica\u00e7\u00e3o pr\u00e9via n\u00e3o ser\u00e1 permitida. A minha orienta\u00e7\u00e3o \u00e9 agir previamente para evitar tumultos, e no momento que estiver instalando, aprender o som, aprender as pessoas respons\u00e1veis, levar para fazer registro e s\u00f3 devolver posteriormente conforme as medidas legais.&#8221;<\/em><\/p>\n<p>&nbsp;<\/p>\n<p>Fonte: Ascom &#8211; GOV\/BA<\/p>\n","protected":false},"excerpt":{"rendered":"<p>A realiza\u00e7\u00e3o de festas em ruas sem comunica\u00e7\u00e3o pr\u00e9via \u00e0s autoridades ser\u00e1 proibida na Bahia. O an\u00fancio foi feito pelo governador Rui Costa nesta quarta-feira (13), durante o lan\u00e7amento da Opera\u00e7\u00e3o Ver\u00e3o da Secretaria da Seguran\u00e7a P\u00fablica. De acordo com Rui, a orienta\u00e7\u00e3o \u00e9 para que a pol\u00edcia apreenda equipamentos sonoros e os respons\u00e1veis por [&hellip;]<\/p>\n","protected":false},"author":1,"featured_media":107553,"comment_status":"closed","ping_status":"closed","sticky":false,"template":"","format":"standard","meta":[],"categories":[4],"tags":[],"_links":{"self":[{"href":"http:\/\/blitzconquista.com.br\/index.php?rest_route=\/wp\/v2\/posts\/107550"}],"collection":[{"href":"http:\/\/blitzconquista.com.br\/index.php?rest_route=\/wp\/v2\/posts"}],"about":[{"href":"http:\/\/blitzconquista.com.br\/index.php?rest_route=\/wp\/v2\/types\/post"}],"author":[{"embeddable":true,"href":"http:\/\/blitzconquista.com.br\/index.php?rest_route=\/wp\/v2\/users\/1"}],"replies":[{"embeddable":true,"href":"http:\/\/blitzconquista.com.br\/index.php?rest_route=%2Fwp%2Fv2%2Fcomments&post=107550"}],"version-history":[{"count":1,"href":"http:\/\/blitzconquista.com.br\/index.php?rest_route=\/wp\/v2\/posts\/107550\/revisions"}],"predecessor-version":[{"id":107554,"href":"http:\/\/blitzconquista.com.br\/index.php?rest_route=\/wp\/v2\/posts\/107550\/revisions\/107554"}],"wp:featuredmedia":[{"embeddable":true,"href":"http:\/\/blitzconquista.com.br\/index.php?rest_route=\/wp\/v2\/media\/107553"}],"wp:attachment":[{"href":"http:\/\/blitzconquista.com.br\/index.php?rest_route=%2Fwp%2Fv2%2Fmedia&parent=107550"}],"wp:term":[{"taxonomy":"category","embeddable":true,"href":"http:\/\/blitzconquista.com.br\/index.php?rest_route=%2Fwp%2Fv2%2Fcategories&post=107550"},{"taxonomy":"post_tag","embeddable":true,"href":"http:\/\/blitzconquista.com.br\/index.php?rest_route=%2Fwp%2Fv2%2Ftags&post=107550"}],"curies":[{"name":"wp","href":"https:\/\/api.w.org\/{rel}","templated":true}]}}