{"id":108561,"date":"2021-11-09T10:41:34","date_gmt":"2021-11-09T13:41:34","guid":{"rendered":"http:\/\/blitzconquista.com.br\/?p=108561"},"modified":"2021-11-09T10:41:34","modified_gmt":"2021-11-09T13:41:34","slug":"salve-vitoria-da-conquista-viva-ruy-medeiros-seu-historiador","status":"publish","type":"post","link":"http:\/\/blitzconquista.com.br\/?p=108561","title":{"rendered":"Salve, Vit\u00f3ria da Conquista! Viva Ruy Medeiros, seu historiador"},"content":{"rendered":"<p class=\"entry-title\">Postado inicialmente no <strong><a href=\"http:\/\/www.blogdopaulonunes.com\/v4\/?p=51917\">blogdopaulonunes.com<\/a><\/strong><\/p>\n<div class=\"entry-content\">\n<figure id=\"attachment_51918\" aria-describedby=\"caption-attachment-51918\" style=\"width: 450px\" class=\"wp-caption aligncenter\"><img decoding=\"async\" loading=\"lazy\" class=\"wp-image-51918 size-full\" src=\"http:\/\/www.blogdopaulonunes.com\/v4\/wp-content\/uploads\/2021\/11\/Elon-Beker.jpg\" alt=\"\" width=\"450\" height=\"364\" \/><figcaption id=\"caption-attachment-51918\" class=\"wp-caption-text\">Elton Becker S. Salgado<\/figcaption><\/figure>\n<\/div>\n<div><\/div>\n<div class=\"entry-content\">\u00c9 a partir do ano de 1997 que o nome de Ruy Medeiros come\u00e7a a se tornar claro para mim; primeiro, como advogado e, posteriormente, como historiador. \u00c9 que durante o processo de venda e transi\u00e7\u00e3o da emissora R\u00e1dio Bandeirantes AM, 1210 kHz, para R\u00e1dio Can\u00e7\u00e3o Nova, eu conheci uns Mission\u00e1rios daquela comunidade que gostavam de repetir uma hist\u00f3ria que, se n\u00e3o for verdadeira no todo, n\u00e3o deixa de revelar o senso \u00e9tico de Ruy e, demais, o quanto seu trabalho \u00e9 proeminente.Contava-se que, por aquela \u00e9poca, algu\u00e9m queixou-se ao bispo Dom Celso Jos\u00e9 Pinto da Silva (1933-2018) que n\u00e3o ficava bem para a Igreja Particular de Vit\u00f3ria da Conquista ter um advogado, digamos, n\u00e3o muito cat\u00f3lico. Dizia-se, ent\u00e3o, que Dom Celso ouvira silente aquela enfiada e a rematara de um f\u00f4lego s\u00f3: \u201cTudo bem, podemos substituir o Doutor Ruy; mas, antes me consigam um advogado que nos atenda \u00e0s 3h00 da manh\u00e3 de muito boa vontade e como se fosse em pleno hor\u00e1rio de expediente\u201d. Assunto terminado!<\/p>\n<p>Pensando em Machado de Assis e, sobretudo, no seu Quincas Borba, posso afian\u00e7ar que quem ouvisse tal hist\u00f3ria, aceitaria tudo por verdade, tal \u00e9 a nota sincera, a meiguice dos termos e a verossimilhan\u00e7a dos pormenores. Basta-nos saber que a hist\u00f3ria \u00e9 boa, e, ent\u00e3o, j\u00e1 ser\u00e1, na verdade muito mais que isso. Aos poucos, fui descobrindo que Ruy Hermann Ara\u00fajo Medeiros era o mesmo tio Ruy, de Francis, Fabr\u00edcio, Ricardo e Wagner Cristiano, ou ainda o pai de M\u00e1rio \u2014 todos meus companheiros.<\/p>\n<p>Ali\u00e1s, Francis Augusto foi o Medeiros que me fez sair de Macondo, o povoado ficcional criado por Gabriel Garc\u00eda M\u00e1rquez e no qual gera\u00e7\u00f5es e gera\u00e7\u00f5es coexistiram num mesmo instante e num mesmo centen\u00e1rio de solid\u00f5es. Inicialmente, foi por estas amizades e, posteriormente, por meu ingresso no curso de Hist\u00f3ria da Universidade Estadual do Sudoeste da Bahia (UESB), que fui descobrindo lentamente a estatura daquele homem que eu viria muitas vezes conversando com K\u00e1tia Cairo sobre livros, no antigo Cairo Center, onde eu come\u00e7a a me tornar habitu\u00e9, tal como ele era.<\/p>\n<p>E foi com muit\u00edssima surpresa e timidez que, eu tantas vezes acabrunhado na ang\u00fastia das pequenas coisas rid\u00edculas e macondense nato, mal lhe respondi quando o encontrei naquela livraria manuseando uma reedi\u00e7\u00e3o de \u201cO Coronel e o Lobisomem\u2026\u201d, t\u00e3o logo Ruy me perguntou: \u201cConhece o Jos\u00e9 C\u00e2ndido de Carvalho?\u201d. Eu mal sabia (e menos ainda assistira) a adapta\u00e7\u00e3o do texto feita por Guel Arraes, Jorge Furtado e Jo\u00e3o Falc\u00e3o para a TV Globo, em 1994, com Marco Nanini, no papel do coronel, Patr\u00edcia Pillar, como Esmeraldina, e Paulo Betti, como Pernambuco Nogueira.<span id=\"more-51917\"><\/span><\/p>\n<p>Envergonhado e mais receado de perder o apre\u00e7o na primeira investida do mestre, disse \u201cSim, claro\u201d! Por\u00e9m, para minha maior inseguran\u00e7a, Ruy come\u00e7ou a citar de cor todo o in\u00edcio do livro: \u201cA bem dizer sou Ponciano de Azeredo Furtado, coronel de patente, do que tenho honra e fa\u00e7o alarde. Herdei do meu av\u00f4 Sime\u00e3o terras de muitas medidas, gado do mais gordo, pasto do mais fino. Leio no corrente da vista e at\u00e9 uns latins arranhei em tempos verdes da inf\u00e2ncia, com uns padres-mestres a dez tost\u00f5es por m\u00eas\u201d (Jos\u00e9 C\u00e2ndido de Carvalho, \u201cO coronel e o lobisomem\u2026\u201d, p. 08).<\/p>\n<p>E o fez com direito \u201d\u00e0 remate do nome, sobrenome e pronome\u201d do livro. Porque assim \u00e9 o t\u00edtulo: \u201cO coronel e o lobisomem. Deixados do Oficial Superior da Guarda Nacional, Ponciano de Azeredo Furtado, natural da Pra\u00e7a de S\u00e3o Salvador de Campos dos Goytacazes\u201d. E, claro, tenho certeza, mod\u00e9stia de lado, Ruy n\u00e3o fez por gl\u00f3ria! Porque, em se tratando de \u201csujeito lavado de vaidade, mimoso no trato, de palavra educada\u201d ali demonstrava seu apre\u00e7o e sua alegria de leitor.<\/p>\n<p>Seria a primeira de muit\u00edssimas vezes que leria um livro por sua causa. Hoje, sou muit\u00edssimo felic\u00edssimo por t\u00ea-lo conhecido e, qui\u00e7\u00e1, dele ter se tornado amigo. Em 2013, olha s\u00f3 a ousadia, Ruy tornou-se meu \u201ccalouro\u201d no programa de doutoramento em Mem\u00f3ria: Linguagem e Sociedade da UESB e, com toda justi\u00e7a, dele escreveu S\u00e9rgio Eduardo Montes Castanho, seu orientador: \u201cele \u00e9 um apaixonado pelas coisas conquistenses e um pesquisador s\u00e9rio, comprometido com a cientificidade do fazer hist\u00f3rico e historiogr\u00e1fico\u201d.<\/p>\n<p>Ao longo do s\u00e9culo XX, muitos intelectuais estiveram no fronte. Freud, Husserl, Popper, Arendt, L\u00e9vinas foram alguns que exilaram-se com a instaura\u00e7\u00e3o do nazismo ou foram amea\u00e7ados pelo antissemitismo. Outros, infelizmente, como Marc Bloch, tiveram pior sorte. O grande historiador franc\u00eas foi fuzilado pelos Nazistas! Todavia, por isto mesmo, muitos historiadores foram levados a problematizar a pol\u00edtica, o totalitarismo, o mal e a sua banalidade, a \u00e9tica e, claro, o poder.<\/p>\n<p>Alguns intelectuais, \u00e0 imagem de Bergson, de Sartre, de Merleau-Ponty ou de Perry Anderson, empenharam-se por um mundo mais justo e assumiram posturas engajadas. Penso que todas essas orienta\u00e7\u00f5es e inquieta\u00e7\u00f5es encontram abrigo no trabalho de Ruy Medeiros. Porque o em\u00e9rito historiador das coisas conquistenses, mesmo daqui do sert\u00e3o, mas com sua habilidade de grande leitor, quer como eles lutar fronte por fronte.<\/p>\n<p>Afinal, tal como aqueles, Ruy n\u00e3o pretende apenas suscitar reflex\u00f5es e debates mas, sobretudo, empenha-se na defesa da liberdade e dos direitos humanos e, claro, na rejei\u00e7\u00e3o ao totalitarismo e ao dogmatismo.<\/p>\n<p>Sobre Ruy, eu gostaria de dizer tantas outras coisas; por\u00e9m, s\u00f3 me vem \u00e0 mem\u00f3ria umas que Ricoeur asseverou acerca da vida \u00e9tica e as quais eu aplicaria a ele, pois a sua vida \u00e9 como aquela em que h\u00e1 \u201co desejo de uma plena realiza\u00e7\u00e3o pessoal com e para os outros, sob a virtude da amizade, e, em rela\u00e7\u00e3o com um terceiro, sob a virtude de justi\u00e7a\u201d (Paul Ricoeur, \u201cO Justo\u201d, p. 142).<\/p>\n<p>Seja qual for a imagem que cada um se faz de uma vida plenamente realizada, saibam todos que a vida de Ruy \u00e9 uma vida boa, porque (seguindo a no\u00e7\u00e3o arist\u00f3t\u00e9lica) \u00e9 bem vivida e \u00e9 bem partilhada, sobremaneira na fun\u00e7\u00e3o aequitate: \u201cque eu possa, que todos possam\u2026viver bem\u201d. H\u00e1 melhor conceito de justi\u00e7a social, i. e., de solidariedade coletiva?<\/p>\n<p>Creio que foi o historiador ingl\u00eas Eric Hobsbawm quem disse certa vez que o mundo n\u00e3o vai melhorar sozinho. Que bom que Ruy fez sua parte e que bom que somos contempor\u00e2neos dele. Neste 09 de novembro de 2021, em que Vit\u00f3ria da Conquista celebra 181 anos de Emancipa\u00e7\u00e3o Pol\u00edtica, obrigado Ruy por tudo quanto voc\u00ea escreveu e escreve sobre a hist\u00f3ria da nossa cidade.<\/p>\n<p>Pierre Bourdieu asseverou que a vida intelectual est\u00e1 mais perto da vida de artista do que das rotinas duma exist\u00eancia acad\u00eamica. E, em seu livro \u201cHist\u00f3ria Local e Mem\u00f3ria\u201d, Ruy pontua que a quest\u00e3o \u00e9 saber se \u00e9 poss\u00edvel ser intelectual sem combater o poder. Penso que, de todos os afazeres intelectuais, este \u00e9, justamente, o que Ruy pode fazer com mais felicidade, em todos os sentidos da palavra.<\/p>\n<p><strong>Salve, Vit\u00f3ria da Conquista!<\/strong><br \/>\n<strong>Cidade que tem em Ruy Medeiros o seu historiador, o primeiro entre seus iguais. Viva!<\/strong><br \/>\n<strong>\u00a0\u00c9 uma homenagem a Ruy Medeiros pelo que ele j\u00e1 fez e faz para a historiografia de Conquista!<\/strong><\/p>\n<\/div>\n","protected":false},"excerpt":{"rendered":"<p>Postado inicialmente no blogdopaulonunes.com \u00c9 a partir do ano de 1997 que o nome de Ruy Medeiros come\u00e7a a se tornar claro para mim; primeiro, como advogado e, posteriormente, como historiador. \u00c9 que durante o processo de venda e transi\u00e7\u00e3o da emissora R\u00e1dio Bandeirantes AM, 1210 kHz, para R\u00e1dio Can\u00e7\u00e3o Nova, eu conheci uns Mission\u00e1rios [&hellip;]<\/p>\n","protected":false},"author":1,"featured_media":108564,"comment_status":"closed","ping_status":"closed","sticky":false,"template":"","format":"standard","meta":[],"categories":[4],"tags":[],"_links":{"self":[{"href":"http:\/\/blitzconquista.com.br\/index.php?rest_route=\/wp\/v2\/posts\/108561"}],"collection":[{"href":"http:\/\/blitzconquista.com.br\/index.php?rest_route=\/wp\/v2\/posts"}],"about":[{"href":"http:\/\/blitzconquista.com.br\/index.php?rest_route=\/wp\/v2\/types\/post"}],"author":[{"embeddable":true,"href":"http:\/\/blitzconquista.com.br\/index.php?rest_route=\/wp\/v2\/users\/1"}],"replies":[{"embeddable":true,"href":"http:\/\/blitzconquista.com.br\/index.php?rest_route=%2Fwp%2Fv2%2Fcomments&post=108561"}],"version-history":[{"count":1,"href":"http:\/\/blitzconquista.com.br\/index.php?rest_route=\/wp\/v2\/posts\/108561\/revisions"}],"predecessor-version":[{"id":108565,"href":"http:\/\/blitzconquista.com.br\/index.php?rest_route=\/wp\/v2\/posts\/108561\/revisions\/108565"}],"wp:featuredmedia":[{"embeddable":true,"href":"http:\/\/blitzconquista.com.br\/index.php?rest_route=\/wp\/v2\/media\/108564"}],"wp:attachment":[{"href":"http:\/\/blitzconquista.com.br\/index.php?rest_route=%2Fwp%2Fv2%2Fmedia&parent=108561"}],"wp:term":[{"taxonomy":"category","embeddable":true,"href":"http:\/\/blitzconquista.com.br\/index.php?rest_route=%2Fwp%2Fv2%2Fcategories&post=108561"},{"taxonomy":"post_tag","embeddable":true,"href":"http:\/\/blitzconquista.com.br\/index.php?rest_route=%2Fwp%2Fv2%2Ftags&post=108561"}],"curies":[{"name":"wp","href":"https:\/\/api.w.org\/{rel}","templated":true}]}}