{"id":108585,"date":"2021-11-09T13:24:50","date_gmt":"2021-11-09T16:24:50","guid":{"rendered":"http:\/\/blitzconquista.com.br\/?p=108585"},"modified":"2021-11-09T13:24:50","modified_gmt":"2021-11-09T16:24:50","slug":"1o-forum-para-discussao-da-criacao-do-polo-tecnologico-da-regiao-sudoeste","status":"publish","type":"post","link":"http:\/\/blitzconquista.com.br\/?p=108585","title":{"rendered":"1\u00ba F\u00f3rum para discuss\u00e3o da cria\u00e7\u00e3o do Polo Tecnol\u00f3gico da Regi\u00e3o Sudoeste"},"content":{"rendered":"<p><img decoding=\"async\" loading=\"lazy\" class=\"aligncenter size-full wp-image-108587\" src=\"http:\/\/blitzconquista.com.br\/wp-content\/uploads\/2021\/11\/Forum-Criacao-do-Polo-Tecnologico.jpg\" alt=\"\" width=\"914\" height=\"1280\" srcset=\"http:\/\/blitzconquista.com.br\/wp-content\/uploads\/2021\/11\/Forum-Criacao-do-Polo-Tecnologico.jpg 914w, http:\/\/blitzconquista.com.br\/wp-content\/uploads\/2021\/11\/Forum-Criacao-do-Polo-Tecnologico-214x300.jpg 214w, http:\/\/blitzconquista.com.br\/wp-content\/uploads\/2021\/11\/Forum-Criacao-do-Polo-Tecnologico-466x653.jpg 466w, http:\/\/blitzconquista.com.br\/wp-content\/uploads\/2021\/11\/Forum-Criacao-do-Polo-Tecnologico-768x1076.jpg 768w\" sizes=\"(max-width: 914px) 100vw, 914px\" \/><\/p>\n<p><span data-contrast=\"auto\">Como parte do movimento de estrutura\u00e7\u00e3o do Ecossistema de Inova\u00e7\u00e3o de Vit\u00f3ria da Conquista e regi\u00e3o, a Prefeitura Municipal de Vit\u00f3ria da Conquista promove 1\u00ba F\u00f3rum para discuss\u00e3o da cria\u00e7\u00e3o do Polo Tecnol\u00f3gico de nossa cidade\u00a0e apresenta\u00e7\u00e3o\u00a0da minuta da Lei de Inova\u00e7\u00e3o Municipal.\u00a0<\/span><span data-ccp-props=\"{&quot;201341983&quot;:0,&quot;335559739&quot;:160,&quot;335559740&quot;:259}\">\u00a0<\/span><\/p>\n<p><span data-contrast=\"auto\">A cria\u00e7\u00e3o do ecossistema depende do envolvimento de todos os agentes de inova\u00e7\u00e3o: empresas, governo, sociedade e academia.<\/span><span data-ccp-props=\"{&quot;201341983&quot;:0,&quot;335551550&quot;:1,&quot;335551620&quot;:1,&quot;335559739&quot;:160,&quot;335559740&quot;:259}\">\u00a0<\/span><\/p>\n<p><span data-contrast=\"auto\">Participe!<\/span><span data-ccp-props=\"{&quot;201341983&quot;:0,&quot;335551550&quot;:1,&quot;335551620&quot;:1,&quot;335559739&quot;:160,&quot;335559740&quot;:259}\">\u00a0<\/span><\/p>\n","protected":false},"excerpt":{"rendered":"<p>Como parte do movimento de estrutura\u00e7\u00e3o do Ecossistema de Inova\u00e7\u00e3o de Vit\u00f3ria da Conquista e regi\u00e3o, a Prefeitura Municipal de Vit\u00f3ria da Conquista promove 1\u00ba F\u00f3rum para discuss\u00e3o da cria\u00e7\u00e3o do Polo Tecnol\u00f3gico de nossa cidade\u00a0e apresenta\u00e7\u00e3o\u00a0da minuta da Lei de Inova\u00e7\u00e3o Municipal.\u00a0\u00a0 A cria\u00e7\u00e3o do ecossistema depende do envolvimento de todos os agentes de [&hellip;]<\/p>\n","protected":false},"author":1,"featured_media":108587,"comment_status":"closed","ping_status":"closed","sticky":false,"template":"","format":"standard","meta":[],"categories":[4],"tags":[],"_links":{"self":[{"href":"http:\/\/blitzconquista.com.br\/index.php?rest_route=\/wp\/v2\/posts\/108585"}],"collection":[{"href":"http:\/\/blitzconquista.com.br\/index.php?rest_route=\/wp\/v2\/posts"}],"about":[{"href":"http:\/\/blitzconquista.com.br\/index.php?rest_route=\/wp\/v2\/types\/post"}],"author":[{"embeddable":true,"href":"http:\/\/blitzconquista.com.br\/index.php?rest_route=\/wp\/v2\/users\/1"}],"replies":[{"embeddable":true,"href":"http:\/\/blitzconquista.com.br\/index.php?rest_route=%2Fwp%2Fv2%2Fcomments&post=108585"}],"version-history":[{"count":1,"href":"http:\/\/blitzconquista.com.br\/index.php?rest_route=\/wp\/v2\/posts\/108585\/revisions"}],"predecessor-version":[{"id":108588,"href":"http:\/\/blitzconquista.com.br\/index.php?rest_route=\/wp\/v2\/posts\/108585\/revisions\/108588"}],"wp:featuredmedia":[{"embeddable":true,"href":"http:\/\/blitzconquista.com.br\/index.php?rest_route=\/wp\/v2\/media\/108587"}],"wp:attachment":[{"href":"http:\/\/blitzconquista.com.br\/index.php?rest_route=%2Fwp%2Fv2%2Fmedia&parent=108585"}],"wp:term":[{"taxonomy":"category","embeddable":true,"href":"http:\/\/blitzconquista.com.br\/index.php?rest_route=%2Fwp%2Fv2%2Fcategories&post=108585"},{"taxonomy":"post_tag","embeddable":true,"href":"http:\/\/blitzconquista.com.br\/index.php?rest_route=%2Fwp%2Fv2%2Ftags&post=108585"}],"curies":[{"name":"wp","href":"https:\/\/api.w.org\/{rel}","templated":true}]}}