{"id":108589,"date":"2021-11-09T15:59:50","date_gmt":"2021-11-09T18:59:50","guid":{"rendered":"http:\/\/blitzconquista.com.br\/?p=108589"},"modified":"2021-11-09T16:11:43","modified_gmt":"2021-11-09T19:11:43","slug":"padre-julio-lancellotti-no-giro-nordeste-nesta-quinta-feira-as-19h","status":"publish","type":"post","link":"http:\/\/blitzconquista.com.br\/?p=108589","title":{"rendered":"Padre J\u00falio Lancellotti no Giro Nordeste nesta quinta-feira \u00e0s 19h"},"content":{"rendered":"<p><img decoding=\"async\" loading=\"lazy\" class=\"aligncenter size-full wp-image-108592\" src=\"http:\/\/blitzconquista.com.br\/wp-content\/uploads\/2021\/11\/TVE-Giro-Nordeste-Padre-Julio-Lancellotti.jpg\" alt=\"\" width=\"1000\" height=\"1000\" srcset=\"http:\/\/blitzconquista.com.br\/wp-content\/uploads\/2021\/11\/TVE-Giro-Nordeste-Padre-Julio-Lancellotti.jpg 1000w, http:\/\/blitzconquista.com.br\/wp-content\/uploads\/2021\/11\/TVE-Giro-Nordeste-Padre-Julio-Lancellotti-300x300.jpg 300w, http:\/\/blitzconquista.com.br\/wp-content\/uploads\/2021\/11\/TVE-Giro-Nordeste-Padre-Julio-Lancellotti-653x653.jpg 653w, http:\/\/blitzconquista.com.br\/wp-content\/uploads\/2021\/11\/TVE-Giro-Nordeste-Padre-Julio-Lancellotti-150x150.jpg 150w, http:\/\/blitzconquista.com.br\/wp-content\/uploads\/2021\/11\/TVE-Giro-Nordeste-Padre-Julio-Lancellotti-768x768.jpg 768w, http:\/\/blitzconquista.com.br\/wp-content\/uploads\/2021\/11\/TVE-Giro-Nordeste-Padre-Julio-Lancellotti-65x65.jpg 65w, http:\/\/blitzconquista.com.br\/wp-content\/uploads\/2021\/11\/TVE-Giro-Nordeste-Padre-Julio-Lancellotti-990x990.jpg 990w\" sizes=\"(max-width: 1000px) 100vw, 1000px\" \/><br \/>\nTe\u00f3logo, pedagogo e defensor dos direitos humanos, o Padre J\u00falio Lancellotti \u00e9 o convidado do programa Giro Nordeste desta quinta-feira (11), da TVE. Ele vai falar sobre as condi\u00e7\u00f5es atuais da popula\u00e7\u00e3o em situa\u00e7\u00e3o de rua e do seu trabalho na Pastoral do Povo de Rua da Arquidiocese de S\u00e3o Paulo. Ele \u00e9 p\u00e1roco da igreja S\u00e3o Miguel Arcanjo em S\u00e3o Paulo, desde 1985, e Vig\u00e1rio Episcopal para o Povo da Rua nomeado por Dom Paulo Evaristo Arns. A atra\u00e7\u00e3o semanal come\u00e7a \u00e0s 19h, e entrevista personalidades nordestinas e nacionais com a participa\u00e7\u00e3o de jornalistas das emissoras p\u00fablicas de tv e r\u00e1dio do Nordeste.<\/p>\n<p>Ao vivo e sem intervalos, o programa Giro Nordeste \u00e9 ancorado por Juraci Santana, jornalista da TVE Bahia, com a participa\u00e7\u00e3o de jornalistas nos demais Estados. Al\u00e9m da Bahia, o Giro Nordeste \u00e9 exibido em Sergipe, Cear\u00e1, Alagoas, Maranh\u00e3o, Para\u00edba, Piau\u00ed, Pernambuco, Rio Grande do Norte, S\u00e3o Paulo e Esp\u00edrito Santo.<\/p>\n<p>O telespectador poder\u00e1 acompanhar o programa ao vivo pela internet atrav\u00e9s do Youtube, Facebook e Twitter da TVE Bahia. Quem quiser comentar nas suas redes sociais, basta utilizar a hashtag #GiroNordeste.<\/p>\n<p>Acompanhe a TVE Bahia nas redes sociais:<\/p>\n<p><a href=\"http:\/\/instagram.com\/tvebahia\">instagram.com\/tvebahia<\/a><br \/>\n<a href=\"http:\/\/facebook.com\/tvebahia\">facebook.com\/tvebahia<\/a><br \/>\n<a href=\"http:\/\/youtube.com\/tvebahia\">youtube.com\/tvebahia<\/a><br \/>\n<a href=\"http:\/\/twitter.com\/tvebahia\">twitter.com\/tvebahia<\/a><\/p>\n","protected":false},"excerpt":{"rendered":"<p>Te\u00f3logo, pedagogo e defensor dos direitos humanos, o Padre J\u00falio Lancellotti \u00e9 o convidado do programa Giro Nordeste desta quinta-feira (11), da TVE. Ele vai falar sobre as condi\u00e7\u00f5es atuais da popula\u00e7\u00e3o em situa\u00e7\u00e3o de rua e do seu trabalho na Pastoral do Povo de Rua da Arquidiocese de S\u00e3o Paulo. Ele \u00e9 p\u00e1roco da [&hellip;]<\/p>\n","protected":false},"author":1,"featured_media":108592,"comment_status":"closed","ping_status":"closed","sticky":false,"template":"","format":"standard","meta":[],"categories":[4],"tags":[],"_links":{"self":[{"href":"http:\/\/blitzconquista.com.br\/index.php?rest_route=\/wp\/v2\/posts\/108589"}],"collection":[{"href":"http:\/\/blitzconquista.com.br\/index.php?rest_route=\/wp\/v2\/posts"}],"about":[{"href":"http:\/\/blitzconquista.com.br\/index.php?rest_route=\/wp\/v2\/types\/post"}],"author":[{"embeddable":true,"href":"http:\/\/blitzconquista.com.br\/index.php?rest_route=\/wp\/v2\/users\/1"}],"replies":[{"embeddable":true,"href":"http:\/\/blitzconquista.com.br\/index.php?rest_route=%2Fwp%2Fv2%2Fcomments&post=108589"}],"version-history":[{"count":1,"href":"http:\/\/blitzconquista.com.br\/index.php?rest_route=\/wp\/v2\/posts\/108589\/revisions"}],"predecessor-version":[{"id":108593,"href":"http:\/\/blitzconquista.com.br\/index.php?rest_route=\/wp\/v2\/posts\/108589\/revisions\/108593"}],"wp:featuredmedia":[{"embeddable":true,"href":"http:\/\/blitzconquista.com.br\/index.php?rest_route=\/wp\/v2\/media\/108592"}],"wp:attachment":[{"href":"http:\/\/blitzconquista.com.br\/index.php?rest_route=%2Fwp%2Fv2%2Fmedia&parent=108589"}],"wp:term":[{"taxonomy":"category","embeddable":true,"href":"http:\/\/blitzconquista.com.br\/index.php?rest_route=%2Fwp%2Fv2%2Fcategories&post=108589"},{"taxonomy":"post_tag","embeddable":true,"href":"http:\/\/blitzconquista.com.br\/index.php?rest_route=%2Fwp%2Fv2%2Ftags&post=108589"}],"curies":[{"name":"wp","href":"https:\/\/api.w.org\/{rel}","templated":true}]}}