{"id":112260,"date":"2022-02-13T20:20:13","date_gmt":"2022-02-13T23:20:13","guid":{"rendered":"http:\/\/blitzconquista.com.br\/?p=112260"},"modified":"2022-02-13T20:20:13","modified_gmt":"2022-02-13T23:20:13","slug":"acidente-na-praca-siberia-correia-demonstra-o-perigo-do-transito-no-local","status":"publish","type":"post","link":"http:\/\/blitzconquista.com.br\/?p=112260","title":{"rendered":"Acidente na Pra\u00e7a Sib\u00e9ria Correia demonstra o perigo do tr\u00e2nsito no local"},"content":{"rendered":"<p><img decoding=\"async\" loading=\"lazy\" class=\"aligncenter size-full wp-image-112271\" src=\"http:\/\/blitzconquista.com.br\/wp-content\/uploads\/2022\/02\/Acidente-3-EDITADA-1.jpg\" alt=\"\" width=\"1063\" height=\"613\" srcset=\"http:\/\/blitzconquista.com.br\/wp-content\/uploads\/2022\/02\/Acidente-3-EDITADA-1.jpg 1063w, http:\/\/blitzconquista.com.br\/wp-content\/uploads\/2022\/02\/Acidente-3-EDITADA-1-300x173.jpg 300w, http:\/\/blitzconquista.com.br\/wp-content\/uploads\/2022\/02\/Acidente-3-EDITADA-1-695x401.jpg 695w, http:\/\/blitzconquista.com.br\/wp-content\/uploads\/2022\/02\/Acidente-3-EDITADA-1-768x443.jpg 768w, http:\/\/blitzconquista.com.br\/wp-content\/uploads\/2022\/02\/Acidente-3-EDITADA-1-990x571.jpg 990w\" sizes=\"(max-width: 1063px) 100vw, 1063px\" \/><\/p>\n<p><span data-contrast=\"auto\">Acidente ocorrido na rua Monte Castelo (cruzamento com a rua Vasco da Gama), bairro Alto Maron, na madrugada deste domingo, deixou um ve\u00edculo bastante danificado.<\/span><span data-ccp-props=\"{&quot;201341983&quot;:0,&quot;335559739&quot;:160,&quot;335559740&quot;:259}\">\u00a0<\/span><\/p>\n<p><span data-contrast=\"auto\">Quando a reportagem do Blitz Conquista esteve no local e registrou o acidente um popular informou que o fato teria ocorrido na madrugada, quando o condutor trafegava pela via em alta velocidade e, ap\u00f3s realizar a primeira curva na subida, perdeu o controle do autom\u00f3vel, que invadiu o canteiro da Pra\u00e7a Arquiteta Sib\u00e9ria Correia e capotou.<\/span><span data-ccp-props=\"{&quot;201341983&quot;:0,&quot;335559739&quot;:160,&quot;335559740&quot;:259}\">\u00a0<\/span><\/p>\n<p><span data-contrast=\"auto\">N\u00e3o h\u00e1 informa\u00e7\u00f5es de que algum ocupante tenha se ferido gravemente.<\/span><span data-ccp-props=\"{&quot;201341983&quot;:0,&quot;335559739&quot;:160,&quot;335559740&quot;:259}\">\u00a0<\/span><\/p>\n<figure id=\"attachment_112269\" aria-describedby=\"caption-attachment-112269\" style=\"width: 1451px\" class=\"wp-caption aligncenter\"><img decoding=\"async\" loading=\"lazy\" class=\"wp-image-112269 size-full\" src=\"http:\/\/blitzconquista.com.br\/wp-content\/uploads\/2022\/02\/Acidente-4-EDITADA.jpg\" alt=\"\" width=\"1451\" height=\"853\" srcset=\"http:\/\/blitzconquista.com.br\/wp-content\/uploads\/2022\/02\/Acidente-4-EDITADA.jpg 1451w, http:\/\/blitzconquista.com.br\/wp-content\/uploads\/2022\/02\/Acidente-4-EDITADA-300x176.jpg 300w, http:\/\/blitzconquista.com.br\/wp-content\/uploads\/2022\/02\/Acidente-4-EDITADA-695x409.jpg 695w, http:\/\/blitzconquista.com.br\/wp-content\/uploads\/2022\/02\/Acidente-4-EDITADA-768x451.jpg 768w, http:\/\/blitzconquista.com.br\/wp-content\/uploads\/2022\/02\/Acidente-4-EDITADA-990x582.jpg 990w, http:\/\/blitzconquista.com.br\/wp-content\/uploads\/2022\/02\/Acidente-4-EDITADA-1320x776.jpg 1320w\" sizes=\"(max-width: 1451px) 100vw, 1451px\" \/><figcaption id=\"caption-attachment-112269\" class=\"wp-caption-text\">Imagem: Blitz Conquista | Ve\u00edculo passou entre a placa e o poste e capotou<\/figcaption><\/figure>\n<p>&nbsp;<\/p>\n<p><img decoding=\"async\" loading=\"lazy\" class=\"aligncenter size-full wp-image-112267\" src=\"http:\/\/blitzconquista.com.br\/wp-content\/uploads\/2022\/02\/Acidente-2-EDITADA.jpg\" alt=\"\" width=\"1600\" height=\"1200\" srcset=\"http:\/\/blitzconquista.com.br\/wp-content\/uploads\/2022\/02\/Acidente-2-EDITADA.jpg 1600w, http:\/\/blitzconquista.com.br\/wp-content\/uploads\/2022\/02\/Acidente-2-EDITADA-300x225.jpg 300w, http:\/\/blitzconquista.com.br\/wp-content\/uploads\/2022\/02\/Acidente-2-EDITADA-695x521.jpg 695w, http:\/\/blitzconquista.com.br\/wp-content\/uploads\/2022\/02\/Acidente-2-EDITADA-768x576.jpg 768w, http:\/\/blitzconquista.com.br\/wp-content\/uploads\/2022\/02\/Acidente-2-EDITADA-1536x1152.jpg 1536w, http:\/\/blitzconquista.com.br\/wp-content\/uploads\/2022\/02\/Acidente-2-EDITADA-74x55.jpg 74w, http:\/\/blitzconquista.com.br\/wp-content\/uploads\/2022\/02\/Acidente-2-EDITADA-111x83.jpg 111w, http:\/\/blitzconquista.com.br\/wp-content\/uploads\/2022\/02\/Acidente-2-EDITADA-215x161.jpg 215w, http:\/\/blitzconquista.com.br\/wp-content\/uploads\/2022\/02\/Acidente-2-EDITADA-990x743.jpg 990w, http:\/\/blitzconquista.com.br\/wp-content\/uploads\/2022\/02\/Acidente-2-EDITADA-1320x990.jpg 1320w\" sizes=\"(max-width: 1600px) 100vw, 1600px\" \/><\/p>\n<p><img decoding=\"async\" loading=\"lazy\" class=\"aligncenter size-full wp-image-112263\" src=\"http:\/\/blitzconquista.com.br\/wp-content\/uploads\/2022\/02\/Acidente-1.jpeg\" alt=\"\" width=\"1600\" height=\"1200\" srcset=\"http:\/\/blitzconquista.com.br\/wp-content\/uploads\/2022\/02\/Acidente-1.jpeg 1600w, http:\/\/blitzconquista.com.br\/wp-content\/uploads\/2022\/02\/Acidente-1-300x225.jpeg 300w, http:\/\/blitzconquista.com.br\/wp-content\/uploads\/2022\/02\/Acidente-1-695x521.jpeg 695w, http:\/\/blitzconquista.com.br\/wp-content\/uploads\/2022\/02\/Acidente-1-768x576.jpeg 768w, http:\/\/blitzconquista.com.br\/wp-content\/uploads\/2022\/02\/Acidente-1-1536x1152.jpeg 1536w, http:\/\/blitzconquista.com.br\/wp-content\/uploads\/2022\/02\/Acidente-1-74x55.jpeg 74w, http:\/\/blitzconquista.com.br\/wp-content\/uploads\/2022\/02\/Acidente-1-111x83.jpeg 111w, http:\/\/blitzconquista.com.br\/wp-content\/uploads\/2022\/02\/Acidente-1-215x161.jpeg 215w, http:\/\/blitzconquista.com.br\/wp-content\/uploads\/2022\/02\/Acidente-1-990x743.jpeg 990w, http:\/\/blitzconquista.com.br\/wp-content\/uploads\/2022\/02\/Acidente-1-1320x990.jpeg 1320w\" sizes=\"(max-width: 1600px) 100vw, 1600px\" \/><\/p>\n<p>&nbsp;<\/p>\n","protected":false},"excerpt":{"rendered":"<p>Acidente ocorrido na rua Monte Castelo (cruzamento com a rua Vasco da Gama), bairro Alto Maron, na madrugada deste domingo, deixou um ve\u00edculo bastante danificado.\u00a0 Quando a reportagem do Blitz Conquista esteve no local e registrou o acidente um popular informou que o fato teria ocorrido na madrugada, quando o condutor trafegava pela via em [&hellip;]<\/p>\n","protected":false},"author":1,"featured_media":112271,"comment_status":"closed","ping_status":"closed","sticky":false,"template":"","format":"standard","meta":[],"categories":[7],"tags":[],"_links":{"self":[{"href":"http:\/\/blitzconquista.com.br\/index.php?rest_route=\/wp\/v2\/posts\/112260"}],"collection":[{"href":"http:\/\/blitzconquista.com.br\/index.php?rest_route=\/wp\/v2\/posts"}],"about":[{"href":"http:\/\/blitzconquista.com.br\/index.php?rest_route=\/wp\/v2\/types\/post"}],"author":[{"embeddable":true,"href":"http:\/\/blitzconquista.com.br\/index.php?rest_route=\/wp\/v2\/users\/1"}],"replies":[{"embeddable":true,"href":"http:\/\/blitzconquista.com.br\/index.php?rest_route=%2Fwp%2Fv2%2Fcomments&post=112260"}],"version-history":[{"count":1,"href":"http:\/\/blitzconquista.com.br\/index.php?rest_route=\/wp\/v2\/posts\/112260\/revisions"}],"predecessor-version":[{"id":112272,"href":"http:\/\/blitzconquista.com.br\/index.php?rest_route=\/wp\/v2\/posts\/112260\/revisions\/112272"}],"wp:featuredmedia":[{"embeddable":true,"href":"http:\/\/blitzconquista.com.br\/index.php?rest_route=\/wp\/v2\/media\/112271"}],"wp:attachment":[{"href":"http:\/\/blitzconquista.com.br\/index.php?rest_route=%2Fwp%2Fv2%2Fmedia&parent=112260"}],"wp:term":[{"taxonomy":"category","embeddable":true,"href":"http:\/\/blitzconquista.com.br\/index.php?rest_route=%2Fwp%2Fv2%2Fcategories&post=112260"},{"taxonomy":"post_tag","embeddable":true,"href":"http:\/\/blitzconquista.com.br\/index.php?rest_route=%2Fwp%2Fv2%2Ftags&post=112260"}],"curies":[{"name":"wp","href":"https:\/\/api.w.org\/{rel}","templated":true}]}}