{"id":112336,"date":"2022-02-14T11:56:43","date_gmt":"2022-02-14T14:56:43","guid":{"rendered":"http:\/\/blitzconquista.com.br\/?p=112336"},"modified":"2022-02-14T11:56:43","modified_gmt":"2022-02-14T14:56:43","slug":"vigilancia-sanitaria-interdita-um-estabelecimento-e-notifica-outros-dez-por-irregularidades-no-fim-de-semana","status":"publish","type":"post","link":"http:\/\/blitzconquista.com.br\/?p=112336","title":{"rendered":"Vigil\u00e2ncia Sanit\u00e1ria interdita um estabelecimento e notifica outros dez por irregularidades no fim de semana"},"content":{"rendered":"<div class=\"post-content\">\n<p><img decoding=\"async\" loading=\"lazy\" class=\"wp-image-235111 size-large colorbox-235110 aligncenter\" src=\"https:\/\/www.pmvc.ba.gov.br\/wp-content\/uploads\/Fiscaliza%C3%A7%C3%A3o-em-festas-13-02-1-1020x680.jpg\" sizes=\"(max-width: 1020px) 100vw, 1020px\" srcset=\"https:\/\/www.pmvc.ba.gov.br\/wp-content\/uploads\/Fiscaliza\u00e7\u00e3o-em-festas-13-02-1-1020x680.jpg 1020w, https:\/\/www.pmvc.ba.gov.br\/wp-content\/uploads\/Fiscaliza\u00e7\u00e3o-em-festas-13-02-1-200x133.jpg 200w, https:\/\/www.pmvc.ba.gov.br\/wp-content\/uploads\/Fiscaliza\u00e7\u00e3o-em-festas-13-02-1-473x315.jpg 473w, https:\/\/www.pmvc.ba.gov.br\/wp-content\/uploads\/Fiscaliza\u00e7\u00e3o-em-festas-13-02-1-768x512.jpg 768w, https:\/\/www.pmvc.ba.gov.br\/wp-content\/uploads\/Fiscaliza\u00e7\u00e3o-em-festas-13-02-1-680x452.jpg 680w, https:\/\/www.pmvc.ba.gov.br\/wp-content\/uploads\/Fiscaliza\u00e7\u00e3o-em-festas-13-02-1.jpg 1200w\" alt=\"\" width=\"1020\" height=\"680\" \/><\/p>\n<p>No s\u00e1bado (12) e domingo, a Vigil\u00e2ncia Sanit\u00e1ria da Secretaria Municipal de Sa\u00fade atendeu quatro den\u00fancias, que inclu\u00edram festas clandestinas, venda de alimentos impr\u00f3prios para comercializa\u00e7\u00e3o e tamb\u00e9m de estabelecimento sem alvar\u00e1 para funcionamento.<\/p>\n<p>Al\u00e9m de verificar as den\u00fancias, a Vigil\u00e2ncia Sanit\u00e1ria realizou visitas espont\u00e2neas em mais dez estabelecimentos, onde foram feitas uma interdi\u00e7\u00e3o e dez notifica\u00e7\u00f5es.<\/p>\n<div id=\"gallery-3\" class=\"gallery galleryid-235110 gallery-columns-2 gallery-size-large\">\n<dl class=\"gallery-item\">\n<dt class=\"gallery-icon landscape\"><a href=\"https:\/\/www.pmvc.ba.gov.br\/fiscalizacao-em-festas-a-noite-3\/\"><img decoding=\"async\" loading=\"lazy\" class=\"attachment-large size-large colorbox-235110 \" src=\"https:\/\/www.pmvc.ba.gov.br\/wp-content\/uploads\/Fiscaliza%C3%A7%C3%A3o-em-festas-a-noite-3-1020x680.jpeg\" sizes=\"(max-width: 1020px) 100vw, 1020px\" srcset=\"https:\/\/www.pmvc.ba.gov.br\/wp-content\/uploads\/Fiscaliza\u00e7\u00e3o-em-festas-a-noite-3-1020x680.jpeg 1020w, https:\/\/www.pmvc.ba.gov.br\/wp-content\/uploads\/Fiscaliza\u00e7\u00e3o-em-festas-a-noite-3-200x133.jpeg 200w, https:\/\/www.pmvc.ba.gov.br\/wp-content\/uploads\/Fiscaliza\u00e7\u00e3o-em-festas-a-noite-3-473x315.jpeg 473w, https:\/\/www.pmvc.ba.gov.br\/wp-content\/uploads\/Fiscaliza\u00e7\u00e3o-em-festas-a-noite-3-768x512.jpeg 768w, https:\/\/www.pmvc.ba.gov.br\/wp-content\/uploads\/Fiscaliza\u00e7\u00e3o-em-festas-a-noite-3-680x452.jpeg 680w, https:\/\/www.pmvc.ba.gov.br\/wp-content\/uploads\/Fiscaliza\u00e7\u00e3o-em-festas-a-noite-3.jpeg 1200w\" alt=\"\" width=\"1020\" height=\"680\" \/><\/a><\/dt>\n<\/dl>\n<dl class=\"gallery-item\">\n<dt class=\"gallery-icon landscape\"><a href=\"https:\/\/www.pmvc.ba.gov.br\/fiscalizacao-em-festas-a-noite\/\"><img decoding=\"async\" loading=\"lazy\" class=\"attachment-large size-large colorbox-235110 \" src=\"https:\/\/www.pmvc.ba.gov.br\/wp-content\/uploads\/Fiscaliza%C3%A7%C3%A3o-em-festas-a-noite-1020x680.jpeg\" sizes=\"(max-width: 1020px) 100vw, 1020px\" srcset=\"https:\/\/www.pmvc.ba.gov.br\/wp-content\/uploads\/Fiscaliza\u00e7\u00e3o-em-festas-a-noite-1020x680.jpeg 1020w, https:\/\/www.pmvc.ba.gov.br\/wp-content\/uploads\/Fiscaliza\u00e7\u00e3o-em-festas-a-noite-200x133.jpeg 200w, https:\/\/www.pmvc.ba.gov.br\/wp-content\/uploads\/Fiscaliza\u00e7\u00e3o-em-festas-a-noite-473x315.jpeg 473w, https:\/\/www.pmvc.ba.gov.br\/wp-content\/uploads\/Fiscaliza\u00e7\u00e3o-em-festas-a-noite-768x512.jpeg 768w, https:\/\/www.pmvc.ba.gov.br\/wp-content\/uploads\/Fiscaliza\u00e7\u00e3o-em-festas-a-noite-680x452.jpeg 680w, https:\/\/www.pmvc.ba.gov.br\/wp-content\/uploads\/Fiscaliza\u00e7\u00e3o-em-festas-a-noite.jpeg 1200w\" alt=\"\" width=\"1020\" height=\"680\" \/><\/a><\/dt>\n<\/dl>\n<\/div>\n<p>Segundo o coordenador da Vigil\u00e2ncia Sanit\u00e1ria, Maico Mares, no per\u00edodo da pandemia Covid-19, o n\u00famero de den\u00fancias aumentou bastante. \u201cChegamos a receber 11 den\u00fancias em uma \u00fanica semana\u201d.<\/p>\n<p>Em cada abordagem, a Vigil\u00e2ncia busca orientar os promotores de eventos e comerciantes a buscarem os \u00f3rg\u00e3os regulamentadores para evitar situa\u00e7\u00f5es como notifica\u00e7\u00e3o e interdi\u00e7\u00e3o do estabelecimento ou evento.<\/p>\n<div id=\"gallery-4\" class=\"gallery galleryid-235110 gallery-columns-3 gallery-size-medium\">\n<dl class=\"gallery-item\">\n<dt class=\"gallery-icon landscape\"><a href=\"https:\/\/www.pmvc.ba.gov.br\/fiscalizacao-em-festas-13-02-2\/\"><img decoding=\"async\" loading=\"lazy\" class=\"attachment-medium size-medium colorbox-235110 \" src=\"https:\/\/www.pmvc.ba.gov.br\/wp-content\/uploads\/Fiscaliza%C3%A7%C3%A3o-em-festas-13-02-2-473x315.jpg\" sizes=\"(max-width: 473px) 100vw, 473px\" srcset=\"https:\/\/www.pmvc.ba.gov.br\/wp-content\/uploads\/Fiscaliza\u00e7\u00e3o-em-festas-13-02-2-473x315.jpg 473w, https:\/\/www.pmvc.ba.gov.br\/wp-content\/uploads\/Fiscaliza\u00e7\u00e3o-em-festas-13-02-2-200x133.jpg 200w, https:\/\/www.pmvc.ba.gov.br\/wp-content\/uploads\/Fiscaliza\u00e7\u00e3o-em-festas-13-02-2-768x512.jpg 768w, https:\/\/www.pmvc.ba.gov.br\/wp-content\/uploads\/Fiscaliza\u00e7\u00e3o-em-festas-13-02-2-1020x680.jpg 1020w, https:\/\/www.pmvc.ba.gov.br\/wp-content\/uploads\/Fiscaliza\u00e7\u00e3o-em-festas-13-02-2-680x452.jpg 680w, https:\/\/www.pmvc.ba.gov.br\/wp-content\/uploads\/Fiscaliza\u00e7\u00e3o-em-festas-13-02-2.jpg 1200w\" alt=\"\" width=\"473\" height=\"315\" \/><\/a><\/dt>\n<\/dl>\n<dl class=\"gallery-item\">\n<dt class=\"gallery-icon landscape\"><a href=\"https:\/\/www.pmvc.ba.gov.br\/fiscalizacao-em-festas-a-noite-2\/\"><img decoding=\"async\" loading=\"lazy\" class=\"attachment-medium size-medium colorbox-235110 \" src=\"https:\/\/www.pmvc.ba.gov.br\/wp-content\/uploads\/Fiscaliza%C3%A7%C3%A3o-em-festas-a-noite-2-473x315.jpeg\" sizes=\"(max-width: 473px) 100vw, 473px\" srcset=\"https:\/\/www.pmvc.ba.gov.br\/wp-content\/uploads\/Fiscaliza\u00e7\u00e3o-em-festas-a-noite-2-473x315.jpeg 473w, https:\/\/www.pmvc.ba.gov.br\/wp-content\/uploads\/Fiscaliza\u00e7\u00e3o-em-festas-a-noite-2-200x133.jpeg 200w, https:\/\/www.pmvc.ba.gov.br\/wp-content\/uploads\/Fiscaliza\u00e7\u00e3o-em-festas-a-noite-2-768x512.jpeg 768w, https:\/\/www.pmvc.ba.gov.br\/wp-content\/uploads\/Fiscaliza\u00e7\u00e3o-em-festas-a-noite-2-1020x680.jpeg 1020w, https:\/\/www.pmvc.ba.gov.br\/wp-content\/uploads\/Fiscaliza\u00e7\u00e3o-em-festas-a-noite-2-680x452.jpeg 680w, https:\/\/www.pmvc.ba.gov.br\/wp-content\/uploads\/Fiscaliza\u00e7\u00e3o-em-festas-a-noite-2.jpeg 1200w\" alt=\"\" width=\"473\" height=\"315\" \/><\/a><\/dt>\n<\/dl>\n<dl class=\"gallery-item\">\n<dt class=\"gallery-icon landscape\"><a href=\"https:\/\/www.pmvc.ba.gov.br\/fiscalizacao-em-festas-13-02-5\/\"><img decoding=\"async\" loading=\"lazy\" class=\"attachment-medium size-medium colorbox-235110 \" src=\"https:\/\/www.pmvc.ba.gov.br\/wp-content\/uploads\/Fiscaliza%C3%A7%C3%A3o-em-festas-13-02-5-473x315.jpg\" sizes=\"(max-width: 473px) 100vw, 473px\" srcset=\"https:\/\/www.pmvc.ba.gov.br\/wp-content\/uploads\/Fiscaliza\u00e7\u00e3o-em-festas-13-02-5-473x315.jpg 473w, https:\/\/www.pmvc.ba.gov.br\/wp-content\/uploads\/Fiscaliza\u00e7\u00e3o-em-festas-13-02-5-200x133.jpg 200w, https:\/\/www.pmvc.ba.gov.br\/wp-content\/uploads\/Fiscaliza\u00e7\u00e3o-em-festas-13-02-5-768x512.jpg 768w, https:\/\/www.pmvc.ba.gov.br\/wp-content\/uploads\/Fiscaliza\u00e7\u00e3o-em-festas-13-02-5-1020x680.jpg 1020w, https:\/\/www.pmvc.ba.gov.br\/wp-content\/uploads\/Fiscaliza\u00e7\u00e3o-em-festas-13-02-5-680x452.jpg 680w, https:\/\/www.pmvc.ba.gov.br\/wp-content\/uploads\/Fiscaliza\u00e7\u00e3o-em-festas-13-02-5.jpg 1200w\" alt=\"\" width=\"473\" height=\"315\" \/><\/a><\/dt>\n<\/dl>\n<p>&nbsp;<\/p>\n<\/div>\n<p>Fonte: Secom &#8211; PMVC<\/p>\n<\/div>\n","protected":false},"excerpt":{"rendered":"<p>No s\u00e1bado (12) e domingo, a Vigil\u00e2ncia Sanit\u00e1ria da Secretaria Municipal de Sa\u00fade atendeu quatro den\u00fancias, que inclu\u00edram festas clandestinas, venda de alimentos impr\u00f3prios para comercializa\u00e7\u00e3o e tamb\u00e9m de estabelecimento sem alvar\u00e1 para funcionamento. Al\u00e9m de verificar as den\u00fancias, a Vigil\u00e2ncia Sanit\u00e1ria realizou visitas espont\u00e2neas em mais dez estabelecimentos, onde foram feitas uma interdi\u00e7\u00e3o e [&hellip;]<\/p>\n","protected":false},"author":1,"featured_media":112339,"comment_status":"closed","ping_status":"closed","sticky":false,"template":"","format":"standard","meta":[],"categories":[4],"tags":[],"_links":{"self":[{"href":"http:\/\/blitzconquista.com.br\/index.php?rest_route=\/wp\/v2\/posts\/112336"}],"collection":[{"href":"http:\/\/blitzconquista.com.br\/index.php?rest_route=\/wp\/v2\/posts"}],"about":[{"href":"http:\/\/blitzconquista.com.br\/index.php?rest_route=\/wp\/v2\/types\/post"}],"author":[{"embeddable":true,"href":"http:\/\/blitzconquista.com.br\/index.php?rest_route=\/wp\/v2\/users\/1"}],"replies":[{"embeddable":true,"href":"http:\/\/blitzconquista.com.br\/index.php?rest_route=%2Fwp%2Fv2%2Fcomments&post=112336"}],"version-history":[{"count":1,"href":"http:\/\/blitzconquista.com.br\/index.php?rest_route=\/wp\/v2\/posts\/112336\/revisions"}],"predecessor-version":[{"id":112340,"href":"http:\/\/blitzconquista.com.br\/index.php?rest_route=\/wp\/v2\/posts\/112336\/revisions\/112340"}],"wp:featuredmedia":[{"embeddable":true,"href":"http:\/\/blitzconquista.com.br\/index.php?rest_route=\/wp\/v2\/media\/112339"}],"wp:attachment":[{"href":"http:\/\/blitzconquista.com.br\/index.php?rest_route=%2Fwp%2Fv2%2Fmedia&parent=112336"}],"wp:term":[{"taxonomy":"category","embeddable":true,"href":"http:\/\/blitzconquista.com.br\/index.php?rest_route=%2Fwp%2Fv2%2Fcategories&post=112336"},{"taxonomy":"post_tag","embeddable":true,"href":"http:\/\/blitzconquista.com.br\/index.php?rest_route=%2Fwp%2Fv2%2Ftags&post=112336"}],"curies":[{"name":"wp","href":"https:\/\/api.w.org\/{rel}","templated":true}]}}