{"id":112374,"date":"2022-02-15T17:47:31","date_gmt":"2022-02-15T20:47:31","guid":{"rendered":"http:\/\/blitzconquista.com.br\/?p=112374"},"modified":"2022-02-15T17:47:31","modified_gmt":"2022-02-15T20:47:31","slug":"funceb-vai-a-vitoria-da-conquista-e-jequie-ouvir-artistas-para-nova-edicao-dos-saloes-artes-visuais-2022","status":"publish","type":"post","link":"http:\/\/blitzconquista.com.br\/?p=112374","title":{"rendered":"Funceb vai a Vit\u00f3ria da Conquista e Jequi\u00e9 ouvir artistas para nova edi\u00e7\u00e3o dos Sal\u00f5es Artes Visuais 2022"},"content":{"rendered":"<p><img decoding=\"async\" loading=\"lazy\" class=\"aligncenter  wp-image-112378\" src=\"http:\/\/blitzconquista.com.br\/wp-content\/uploads\/2022\/02\/Funceb-Escultura.jpg\" alt=\"\" width=\"601\" height=\"515\" srcset=\"http:\/\/blitzconquista.com.br\/wp-content\/uploads\/2022\/02\/Funceb-Escultura.jpg 1280w, http:\/\/blitzconquista.com.br\/wp-content\/uploads\/2022\/02\/Funceb-Escultura-300x257.jpg 300w, http:\/\/blitzconquista.com.br\/wp-content\/uploads\/2022\/02\/Funceb-Escultura-695x596.jpg 695w, http:\/\/blitzconquista.com.br\/wp-content\/uploads\/2022\/02\/Funceb-Escultura-768x658.jpg 768w, http:\/\/blitzconquista.com.br\/wp-content\/uploads\/2022\/02\/Funceb-Escultura-990x848.jpg 990w\" sizes=\"(max-width: 601px) 100vw, 601px\" \/><\/p>\n<p>Entre 21 e 25 de fevereiro de 2022 gestores e dirigente da Funceb estar\u00e3o na regi\u00e3o dialogando com artistas sobre o projeto<\/p>\n<p>Dando continuidade \u00e0s a\u00e7\u00f5es de divulga\u00e7\u00e3o dos Sal\u00f5es de Artes Visuais da Bahia &#8211; edi\u00e7\u00e3o 2022, entre 21 e 25 de fevereiro de 2022, uma equipe da Funda\u00e7\u00e3o Cultural do Estado da Bahia estar\u00e1 nos munic\u00edpios de Vit\u00f3ria da Conquista e Jequi\u00e9, no sudoeste baiano, para dialogar com artistas locais e visitar ateli\u00eas e espa\u00e7os culturais na regi\u00e3o.<\/p>\n<p>Os Sal\u00f5es de Artes Visuais da Bahia visam apresentar ao p\u00fablico a diversidade da produ\u00e7\u00e3o baiana em Artes Visuais, divulgar e valorizar o trabalho dos artistas de diversas regi\u00f5es do estado e estimular a reflex\u00e3o sobre temas atuais da \u00e1rea. O edital dos Sal\u00f5es tem previs\u00e3o para ser lan\u00e7ado em abril. Nesta nova edi\u00e7\u00e3o, em 2022, al\u00e9m dos Pr\u00eamios de Aquisi\u00e7\u00e3o no valor de R$ 10 mil cada, ser\u00e1 realizada exposi\u00e7\u00e3o coletiva das obras premiadas e selecionadas, em Salvador. Esta a\u00e7\u00e3o busca potencializar ainda mais a visibilidade dos artistas selecionados ao conect\u00e1-los a outros tantos artistas em circula\u00e7\u00e3o pela cidade.<\/p>\n<p><img decoding=\"async\" loading=\"lazy\" class=\"aligncenter size-full wp-image-112377\" src=\"http:\/\/blitzconquista.com.br\/wp-content\/uploads\/2022\/02\/Funceb-Luminarias.jpg\" alt=\"\" width=\"1280\" height=\"960\" srcset=\"http:\/\/blitzconquista.com.br\/wp-content\/uploads\/2022\/02\/Funceb-Luminarias.jpg 1280w, http:\/\/blitzconquista.com.br\/wp-content\/uploads\/2022\/02\/Funceb-Luminarias-300x225.jpg 300w, http:\/\/blitzconquista.com.br\/wp-content\/uploads\/2022\/02\/Funceb-Luminarias-695x521.jpg 695w, http:\/\/blitzconquista.com.br\/wp-content\/uploads\/2022\/02\/Funceb-Luminarias-768x576.jpg 768w, http:\/\/blitzconquista.com.br\/wp-content\/uploads\/2022\/02\/Funceb-Luminarias-74x55.jpg 74w, http:\/\/blitzconquista.com.br\/wp-content\/uploads\/2022\/02\/Funceb-Luminarias-111x83.jpg 111w, http:\/\/blitzconquista.com.br\/wp-content\/uploads\/2022\/02\/Funceb-Luminarias-215x161.jpg 215w, http:\/\/blitzconquista.com.br\/wp-content\/uploads\/2022\/02\/Funceb-Luminarias-990x743.jpg 990w\" sizes=\"(max-width: 1280px) 100vw, 1280px\" \/><\/p>\n<p><img decoding=\"async\" loading=\"lazy\" class=\"aligncenter size-full wp-image-112376\" src=\"http:\/\/blitzconquista.com.br\/wp-content\/uploads\/2022\/02\/Funceb-Figuras.jpg\" alt=\"\" width=\"1280\" height=\"960\" srcset=\"http:\/\/blitzconquista.com.br\/wp-content\/uploads\/2022\/02\/Funceb-Figuras.jpg 1280w, http:\/\/blitzconquista.com.br\/wp-content\/uploads\/2022\/02\/Funceb-Figuras-300x225.jpg 300w, http:\/\/blitzconquista.com.br\/wp-content\/uploads\/2022\/02\/Funceb-Figuras-695x521.jpg 695w, http:\/\/blitzconquista.com.br\/wp-content\/uploads\/2022\/02\/Funceb-Figuras-768x576.jpg 768w, http:\/\/blitzconquista.com.br\/wp-content\/uploads\/2022\/02\/Funceb-Figuras-74x55.jpg 74w, http:\/\/blitzconquista.com.br\/wp-content\/uploads\/2022\/02\/Funceb-Figuras-111x83.jpg 111w, http:\/\/blitzconquista.com.br\/wp-content\/uploads\/2022\/02\/Funceb-Figuras-215x161.jpg 215w, http:\/\/blitzconquista.com.br\/wp-content\/uploads\/2022\/02\/Funceb-Figuras-990x743.jpg 990w\" sizes=\"(max-width: 1280px) 100vw, 1280px\" \/><\/p>\n<p>Fonte: Secom &#8211; GOB\/BA<\/p>\n","protected":false},"excerpt":{"rendered":"<p>Entre 21 e 25 de fevereiro de 2022 gestores e dirigente da Funceb estar\u00e3o na regi\u00e3o dialogando com artistas sobre o projeto Dando continuidade \u00e0s a\u00e7\u00f5es de divulga\u00e7\u00e3o dos Sal\u00f5es de Artes Visuais da Bahia &#8211; edi\u00e7\u00e3o 2022, entre 21 e 25 de fevereiro de 2022, uma equipe da Funda\u00e7\u00e3o Cultural do Estado da Bahia [&hellip;]<\/p>\n","protected":false},"author":1,"featured_media":112378,"comment_status":"closed","ping_status":"closed","sticky":false,"template":"","format":"standard","meta":[],"categories":[4],"tags":[],"_links":{"self":[{"href":"http:\/\/blitzconquista.com.br\/index.php?rest_route=\/wp\/v2\/posts\/112374"}],"collection":[{"href":"http:\/\/blitzconquista.com.br\/index.php?rest_route=\/wp\/v2\/posts"}],"about":[{"href":"http:\/\/blitzconquista.com.br\/index.php?rest_route=\/wp\/v2\/types\/post"}],"author":[{"embeddable":true,"href":"http:\/\/blitzconquista.com.br\/index.php?rest_route=\/wp\/v2\/users\/1"}],"replies":[{"embeddable":true,"href":"http:\/\/blitzconquista.com.br\/index.php?rest_route=%2Fwp%2Fv2%2Fcomments&post=112374"}],"version-history":[{"count":1,"href":"http:\/\/blitzconquista.com.br\/index.php?rest_route=\/wp\/v2\/posts\/112374\/revisions"}],"predecessor-version":[{"id":112379,"href":"http:\/\/blitzconquista.com.br\/index.php?rest_route=\/wp\/v2\/posts\/112374\/revisions\/112379"}],"wp:featuredmedia":[{"embeddable":true,"href":"http:\/\/blitzconquista.com.br\/index.php?rest_route=\/wp\/v2\/media\/112378"}],"wp:attachment":[{"href":"http:\/\/blitzconquista.com.br\/index.php?rest_route=%2Fwp%2Fv2%2Fmedia&parent=112374"}],"wp:term":[{"taxonomy":"category","embeddable":true,"href":"http:\/\/blitzconquista.com.br\/index.php?rest_route=%2Fwp%2Fv2%2Fcategories&post=112374"},{"taxonomy":"post_tag","embeddable":true,"href":"http:\/\/blitzconquista.com.br\/index.php?rest_route=%2Fwp%2Fv2%2Ftags&post=112374"}],"curies":[{"name":"wp","href":"https:\/\/api.w.org\/{rel}","templated":true}]}}