{"id":126722,"date":"2023-07-28T12:34:14","date_gmt":"2023-07-28T15:34:14","guid":{"rendered":"http:\/\/blitzconquista.com.br\/?p=126722"},"modified":"2023-07-28T12:34:14","modified_gmt":"2023-07-28T15:34:14","slug":"polo-textil-tertulia-flacida-para-adormecer-vacum","status":"publish","type":"post","link":"http:\/\/blitzconquista.com.br\/?p=126722","title":{"rendered":"Polo T\u00eaxtil: Tert\u00falia fl\u00e1cida para adormecer vacum"},"content":{"rendered":"<p>&nbsp;<\/p>\n<h3 style=\"text-align: center;\"><a href=\"https:\/\/youtu.be\/eu0DmsmMz-Y\">Polo T\u00eaxtil \u00e9 <em>conversa mole para boi dormir<\/em>, segundo o jornalista conquistense Paulo Nunes<\/a><\/h3>\n<p><img decoding=\"async\" loading=\"lazy\" class=\"alignnone size-full wp-image-118897\" src=\"http:\/\/blitzconquista.com.br\/wp-content\/uploads\/2022\/08\/Paulo-Nunes.jpg\" alt=\"\" width=\"1366\" height=\"768\" \/><\/p>\n<p><a href=\"https:\/\/youtu.be\/eu0DmsmMz-Y\"><em>Inscreva-se no canal do You Tube e veja em primeira m\u00e3o os coment\u00e1rios do jornalista Paulo Nunes. Voc\u00ea pode tamb\u00e9m clicar no sininho que aparece no v\u00eddeo e receber notifica\u00e7\u00f5es quando houver novidades.<\/em><\/a><\/p>\n<p><em>(&#8230;)<\/em><\/p>\n<p>Meus caros e minhas caras, todo mundo sabe que eu tenho uma vida longa na nossa Vit\u00f3ria da Conquista e eu quero relatar para voc\u00eas o que aconteceu nos anos 70 em vit\u00f3ria da conquista, um golpe muito bem articulado.<\/p>\n<p>A gente jamais imaginava que o desfecho desse golpe seria o que eu vou contar aos senhores. Apareceu aqui na cidade de Vit\u00f3ria da Conquista um senhor chamado Aquiles Dali D\u00e1vila. Ele se passava como \u201csobrinho do general\u201d, comandante do terceiro ex\u00e9rcito de Porto Alegre, General D\u00e1vila. Ele se juntou com o gerente dos Correios de Conquista, a \u00e9poca nos anos 70. Mas eu vou preservar o nome, at\u00e9 porque \u00e9 pai de um grande amigo meu e eu n\u00e3o quero machuc\u00e1-lo. \u00c9 um amigo que tem 45 anos que eu n\u00e3o vejo, mas eu vou deixar voc\u00eas sem saberem o nome que tamb\u00e9m pouco importa para o assunto. O fato \u00e9 que os dois juntos fizeram um concurso, cobraram as taxas para poder fazer concurso para professor e tal, (&#8230;) enquanto Aquiles Dal\u00ed D&#8217;Avila dizia que era parente do general D&#8217;Avila, o funcion\u00e1rio dos Correios, que era o gerente, se dizia tamb\u00e9m parente e muito \u00edntimo de Ant\u00f4nio Carlos Magalh\u00e3es.<\/p>\n<p>Bom, o que eu quero mostrar para voc\u00eas isso: esse Aquiles Dal\u00ed D&#8217;Avila, esse rapaz chegou a distribuir bolsas de estudo em Vit\u00f3ria da Conquista. Tinha muita gente que estudava no Col\u00e9gio Batista, Conquistense, com bolsas de estudo conseguidas por ele. Eu n\u00e3o sei o que ele fazia para conseguir. Mas al\u00e9m disso, ele pegou um dia um pelot\u00e3o da Pol\u00edcia Militar e foi trocar tiro com cigano aqui no sert\u00e3o da Bahia. Voc\u00ea v\u00ea o tamanho prest\u00edgio que gozava na sociedade de conquista esse Aquiles.<\/p>\n<p>Um belo dia, na C\u00e2mara de Vereadores, a antiga, a hist\u00f3rica, a gente est\u00e1 l\u00e1 na porta da C\u00e2mara de Vereadores e tal. Era o que tinha para fazer naquela \u00e9poca, e a Pol\u00edcia Federal chega, algema e leva o todo poderoso representante do regime militar. A hist\u00f3ria da\u00ed eu n\u00e3o sei, mas o que eu quero falar com voc\u00ea hoje \u00e9 o seguinte: aparecem alguns espertalh\u00f5es para se locupletarem de dinheiro p\u00fablico e depois o resultado final da sua proposta n\u00e3o funciona.<\/p>\n<p>Todos sabem que eu coloquei a minha voz contr\u00e1ria a hist\u00f3ria do Polo T\u00eaxtil, que foi alardeada aqui em algumas emissoras de r\u00e1dio, blogs e a Prefeitura de Conquista, porque eu falei que isso \u00e9 estelionato. Gente, se voc\u00ea consegue um racioc\u00ednio m\u00ednimo de matem\u00e1tica, voc\u00ea vai entender que se fizer um aglomerado de pessoas vendendo confec\u00e7\u00f5es em vit\u00f3ria da conquista, jamais poderia gerar 80 mil empregos.<\/p>\n<p>J\u00e1 dei exemplo: n\u00f3s temos ferrovias no Brasil, o Norte, Sul, Oeste e Leste, porto sul, obras de recupera\u00e7\u00e3o de estradas e n\u00e3o gera este tanto de emprego. 80 mil empregos significariam que Vit\u00f3ria da Conquista n\u00e3o teria ningu\u00e9m desempregado. Preste aten\u00e7\u00e3o! O munic\u00edpio de Vit\u00f3ria da Conquista hoje tem 86 mil pessoas empregadas para uma popula\u00e7\u00e3o de perto de 400 mil.<\/p>\n<p>Claro que voc\u00ea conta a\u00ed os jovens, a crian\u00e7a que n\u00e3o trabalha e tamb\u00e9m voc\u00ea conta os empres\u00e1rios que n\u00e3o precisam ter v\u00ednculo empregat\u00edcio e movimenta as suas coisas. Dito isso, o que aconteceu com a Prefeitura de Vit\u00f3ria da Conquista que aportou um milh\u00e3o e meio para esses que disseram que iriam implantar um tal de polo t\u00eaxtil de Vit\u00f3ria da Conquista, que \u00e9 um estelionato? E por que a prefeitura tinha que pagar? Os estudos, as pesquisas? Ora, raciocine comigo, quem tem a perspectiva de gerar 80 mil empregos, n\u00e3o precisa de prefeitura, n\u00e3o \u00e9? E mais ainda. Mandaram pra mim um v\u00eddeo onde um cidad\u00e3o envolvido nessa cascata dizia que, junto ao tal do polo t\u00eaxtil, iria tamb\u00e9m ter o polo das coisas que s\u00e3o produzidas em conquista como biscoito e requeij\u00e3o, quer dizer, iriam transferir a feira, a nossa grande feira constru\u00edda junto ao terminal da Lauro de Freitas, para esse tal de Polo T\u00eaxtil. Chegaram at\u00e9 dizer que j\u00e1 tinha terreno, que j\u00e1 tinha tudo, e no final n\u00e3o tinha nada. Quem perdeu? O povo de Conquista, porque a prefeita de Vit\u00f3ria da Conquista n\u00e3o consultou ningu\u00e9m e resolveu aportar recursos.<\/p>\n<p>Funcion\u00e1rios da prefeitura visitaram algumas cidades falando dessa hist\u00f3ria de Polo T\u00eaxtil. Meus caros e minhas caras, tradicionalmente vit\u00f3ria da conquista sempre teve muitas costureiras. Eu lembro aqui e registro que a minha m\u00e3e chamava na \u00e9poca camisa de carrega\u00e7\u00e3o. Morava ali perto da casa de Zanatta, daqui de Vit\u00f3ria da Conquista, ali na rua da Concei\u00e7\u00e3o. Essa mulher, ela cortava as camisas. Eu ia l\u00e1 na casa dessa mulher, buscava as camisas cortadas e minha m\u00e3e costurava. E eu descia ali do alto marrom com dois cabides um do lado e do outro e entregava pra ela a camisa que era vendida na feira. Por isso chamava camisa de carrega\u00e7\u00e3o &#8211; era uma camisa mais barata.<\/p>\n<p>Por esse ato que eu estou lhe falando, Vit\u00f3ria da Conquista sempre teve grandes alfaiates e grandes costureiras. At\u00e9 a modernidade chegar e voc\u00ea ter a roupa pronta, comprada diretamente na loja, que no passado n\u00e3o era assim. Ora, claro que algumas confec\u00e7\u00f5es existem em Vit\u00f3ria da Conquista. Fundamentalmente de que? De camisa. Eu sempre compro camisa da Hoje In Data, j\u00e1 ali personalizada, em alguns lugares de Vit\u00f3ria da Conquista. S\u00f3 que voc\u00ea imaginar que um cidad\u00e3o que tem essa produ\u00e7\u00e3o vai lev\u00e1-la at\u00e9 um local e virar um shopping center de confec\u00e7\u00f5es e ali gerar um emprego, \u00e9 uma tremenda ilus\u00e3o. Agora, pergunta-se: que tipo de assessoria tem a prefeita de Vit\u00f3ria da Conquista, senhora Sheila Lemos, que ela foi capaz de ser engabelada com isso? E por que eu estou dizendo isso aos senhores? Veja bem, nessa \u00e9poca a prefeita Sheila ela era elogiada pelos \u201ctr\u00eas mosqueteiros\u201d que eu n\u00e3o sei se tinham quarto, que partilhavam dessa ideia nefasta do tal do Polo T\u00eaxtil de Vit\u00f3ria da Conquista, desde que o er\u00e1rio bancasse o milh\u00e3o e meio de que eu falei.<\/p>\n<p>Mas meus caros e minhas caras, o que aconteceu agora? Se juntar um partido de extrema direita em Vit\u00f3ria da Conquista, tentando ressuscitar Jair Bolsonaro e levar para o povo de conquista a ideia de que todo mundo tem que andar armado e que para poder ser livre tem que andar armado e quem anda armado mata, ent\u00e3o quem mata tem que ir preso. Essa ideia maluca que o Jair Bolsonaro tem, que espalha e as pessoas ficam colocando isso na internet. Essa hist\u00f3ria de andar armado \u00e9 coisa que n\u00e3o d\u00e1 nem para entender, mas eu queria mostrar para voc\u00eas o seguinte: ora, se voc\u00ea engambelou a prefeita de conquista nessa ideia, por que a abandonou?<\/p>\n<p>Porque eu volto a perguntar, essas pessoas que falaram com a prefeita de conquista, que ia ter em Vit\u00f3ria da Conquista o Polo T\u00eaxtil, e ela acreditou nos 80 mil empregos, que era um projet\u00e3o, por que \u00e9 que ficou contra a prefeita que ia tocar o projeto? D\u00e1 para voc\u00ea entender? Ent\u00e3o eu sempre digo o seguinte, toda vez que algu\u00e9m apresentar uma ideia para voc\u00ea, por mais fact\u00edvel que seja, pare e pense, principalmente se o elogio for do \u201csorriso de aeromo\u00e7a\u201d, obrigada \u00e9 sorrir para todo mundo, n\u00e3o \u00e9? Pois \u00e9. Al\u00e9m disso, voc\u00ea tem um projeto para fazer o crescimento, o desenvolvimento, onde vai gerar dinheiro para voc\u00ea. E por que voc\u00ea procura a prefeitura de Vit\u00f3ria da Conquista para bancar esse projeto seu? Que tipo de com\u00e9rcio \u00e9 esse que tem que sair do povo sofrido de Vit\u00f3ria da Conquista, o dinheiro, e depois voc\u00ea descobre que \u00e9 uma mera fantasia. Pasmem! At\u00e9 quando v\u00e3o aparecer em Vit\u00f3ria da Conquista estelionat\u00e1rios dessa maneira e que caem na gra\u00e7a do povo, porque fica acreditando nessas bobagens. Conquista n\u00e3o vai ter Polo T\u00eaxtil nenhum, n\u00e3o \u00e9 porque ela n\u00e3o tem f\u00e1brica, n\u00e3o \u00e9 porque ela n\u00e3o tem a mat\u00e9ria prima. \u00c9 porque o esquema foi feito pra n\u00e3o ter Polo T\u00eaxtil nenhum. E a\u00ed voc\u00ea h\u00e1 de entender que algum dinheiro foi ganho. Mas, o empreendimento? Babau!<\/p>\n<p>*O texto acima \u00e9 a transcri\u00e7\u00e3o do v\u00eddeo publcidado no You Tube. Voc\u00ea pode tamb\u00e9m assistir no link abaixo:<\/p>\n<p><iframe loading=\"lazy\" title=\"PREFEITA DE VIT\u00d3RIA DA CONQUISTA CAI NO GOLPE DO POLO TEXTIL\" width=\"1320\" height=\"743\" src=\"https:\/\/www.youtube.com\/embed\/eu0DmsmMz-Y?feature=oembed\" frameborder=\"0\" allow=\"accelerometer; autoplay; clipboard-write; encrypted-media; gyroscope; picture-in-picture; web-share\" allowfullscreen><\/iframe><\/p>\n","protected":false},"excerpt":{"rendered":"<p>&nbsp; Polo T\u00eaxtil \u00e9 conversa mole para boi dormir, segundo o jornalista conquistense Paulo Nunes Inscreva-se no canal do You Tube e veja em primeira m\u00e3o os coment\u00e1rios do jornalista Paulo Nunes. Voc\u00ea pode tamb\u00e9m clicar no sininho que aparece no v\u00eddeo e receber notifica\u00e7\u00f5es quando houver novidades. (&#8230;) Meus caros e minhas caras, todo [&hellip;]<\/p>\n","protected":false},"author":1,"featured_media":118897,"comment_status":"closed","ping_status":"closed","sticky":false,"template":"","format":"standard","meta":[],"categories":[212,5],"tags":[],"_links":{"self":[{"href":"http:\/\/blitzconquista.com.br\/index.php?rest_route=\/wp\/v2\/posts\/126722"}],"collection":[{"href":"http:\/\/blitzconquista.com.br\/index.php?rest_route=\/wp\/v2\/posts"}],"about":[{"href":"http:\/\/blitzconquista.com.br\/index.php?rest_route=\/wp\/v2\/types\/post"}],"author":[{"embeddable":true,"href":"http:\/\/blitzconquista.com.br\/index.php?rest_route=\/wp\/v2\/users\/1"}],"replies":[{"embeddable":true,"href":"http:\/\/blitzconquista.com.br\/index.php?rest_route=%2Fwp%2Fv2%2Fcomments&post=126722"}],"version-history":[{"count":1,"href":"http:\/\/blitzconquista.com.br\/index.php?rest_route=\/wp\/v2\/posts\/126722\/revisions"}],"predecessor-version":[{"id":126724,"href":"http:\/\/blitzconquista.com.br\/index.php?rest_route=\/wp\/v2\/posts\/126722\/revisions\/126724"}],"wp:featuredmedia":[{"embeddable":true,"href":"http:\/\/blitzconquista.com.br\/index.php?rest_route=\/wp\/v2\/media\/118897"}],"wp:attachment":[{"href":"http:\/\/blitzconquista.com.br\/index.php?rest_route=%2Fwp%2Fv2%2Fmedia&parent=126722"}],"wp:term":[{"taxonomy":"category","embeddable":true,"href":"http:\/\/blitzconquista.com.br\/index.php?rest_route=%2Fwp%2Fv2%2Fcategories&post=126722"},{"taxonomy":"post_tag","embeddable":true,"href":"http:\/\/blitzconquista.com.br\/index.php?rest_route=%2Fwp%2Fv2%2Ftags&post=126722"}],"curies":[{"name":"wp","href":"https:\/\/api.w.org\/{rel}","templated":true}]}}