{"id":127153,"date":"2023-08-21T20:44:49","date_gmt":"2023-08-21T23:44:49","guid":{"rendered":"http:\/\/blitzconquista.com.br\/?p=127153"},"modified":"2023-08-21T20:44:49","modified_gmt":"2023-08-21T23:44:49","slug":"pf-prende-foragido-por-homicidio-no-sudoeste-baiano","status":"publish","type":"post","link":"http:\/\/blitzconquista.com.br\/?p=127153","title":{"rendered":"PF prende foragido por homic\u00eddio, no sudoeste baiano"},"content":{"rendered":"<h3 class=\"documentDescription\" style=\"text-align: center;\">A\u00e7\u00e3o contou com o apoio de policiais militares da CIPE Sudoeste.<\/h3>\n<div id=\"viewlet-above-content-body\">\n<div id=\"media\"><img decoding=\"async\" loading=\"lazy\" class=\"aligncenter\" src=\"https:\/\/www.gov.br\/pf\/pt-br\/assuntos\/noticias\/2023\/08\/pf-prende-foragido-por-homicidio-no-sudoeste-baiano\/whatsapp-image-2023-08-07-at-12-12-02.jpeg\/@@images\/4eb129ce-511c-4170-9708-925a0ee36cf0.jpeg\" alt=\"WhatsApp Image 2023-08-07 at 12.12.02.jpeg\" width=\"768\" height=\"442\" \/><\/div>\n<\/div>\n<div id=\"content-core\">\n<div id=\"parent-fieldname-text\" class=\"\">\n<div>\n<p class=\"Default\"><b>Vit\u00f3ria da Conquista\/BA. <\/b>A Pol\u00edcia Federal, com o apoio da Pol\u00edcia Militar da Bahia, prendeu, nesta segunda-feira (21\/8), um foragido da justi\u00e7a mineira, condenado a 28 anos de pris\u00e3o pelo homic\u00eddio de um jornalista e sua namorada, no ano de 2002.<\/p>\n<p class=\"Default\">A pris\u00e3o do foragido, desde o ano de 2018, resultou do trabalho do Grupo de Capturas da Delegacia de Pol\u00edcia Federal em Vit\u00f3ria da Conquista e contou com o apoio de policiais militares da CIPE Sudoeste.<\/p>\n<p>O preso foi encaminhado para o Conjunto Penal de Vit\u00f3ria da Conquista, onde permanecer\u00e1 \u00e0 disposi\u00e7\u00e3o do Ju\u00edzo.<\/p>\n<\/div>\n<\/div>\n<\/div>\n","protected":false},"excerpt":{"rendered":"<p>A\u00e7\u00e3o contou com o apoio de policiais militares da CIPE Sudoeste. Vit\u00f3ria da Conquista\/BA. A Pol\u00edcia Federal, com o apoio da Pol\u00edcia Militar da Bahia, prendeu, nesta segunda-feira (21\/8), um foragido da justi\u00e7a mineira, condenado a 28 anos de pris\u00e3o pelo homic\u00eddio de um jornalista e sua namorada, no ano de 2002. A pris\u00e3o do [&hellip;]<\/p>\n","protected":false},"author":1,"featured_media":127155,"comment_status":"closed","ping_status":"closed","sticky":false,"template":"","format":"standard","meta":[],"categories":[212,3],"tags":[],"_links":{"self":[{"href":"http:\/\/blitzconquista.com.br\/index.php?rest_route=\/wp\/v2\/posts\/127153"}],"collection":[{"href":"http:\/\/blitzconquista.com.br\/index.php?rest_route=\/wp\/v2\/posts"}],"about":[{"href":"http:\/\/blitzconquista.com.br\/index.php?rest_route=\/wp\/v2\/types\/post"}],"author":[{"embeddable":true,"href":"http:\/\/blitzconquista.com.br\/index.php?rest_route=\/wp\/v2\/users\/1"}],"replies":[{"embeddable":true,"href":"http:\/\/blitzconquista.com.br\/index.php?rest_route=%2Fwp%2Fv2%2Fcomments&post=127153"}],"version-history":[{"count":1,"href":"http:\/\/blitzconquista.com.br\/index.php?rest_route=\/wp\/v2\/posts\/127153\/revisions"}],"predecessor-version":[{"id":127156,"href":"http:\/\/blitzconquista.com.br\/index.php?rest_route=\/wp\/v2\/posts\/127153\/revisions\/127156"}],"wp:featuredmedia":[{"embeddable":true,"href":"http:\/\/blitzconquista.com.br\/index.php?rest_route=\/wp\/v2\/media\/127155"}],"wp:attachment":[{"href":"http:\/\/blitzconquista.com.br\/index.php?rest_route=%2Fwp%2Fv2%2Fmedia&parent=127153"}],"wp:term":[{"taxonomy":"category","embeddable":true,"href":"http:\/\/blitzconquista.com.br\/index.php?rest_route=%2Fwp%2Fv2%2Fcategories&post=127153"},{"taxonomy":"post_tag","embeddable":true,"href":"http:\/\/blitzconquista.com.br\/index.php?rest_route=%2Fwp%2Fv2%2Ftags&post=127153"}],"curies":[{"name":"wp","href":"https:\/\/api.w.org\/{rel}","templated":true}]}}