{"id":128541,"date":"2023-11-01T12:02:23","date_gmt":"2023-11-01T15:02:23","guid":{"rendered":"http:\/\/blitzconquista.com.br\/?p=128541"},"modified":"2023-11-01T12:02:23","modified_gmt":"2023-11-01T15:02:23","slug":"concertos-didaticos-confira-a-agenda-das-proximas-apresentacoes","status":"publish","type":"post","link":"http:\/\/blitzconquista.com.br\/?p=128541","title":{"rendered":"Concertos Did\u00e1ticos: confira a agenda das pr\u00f3ximas apresenta\u00e7\u00f5es"},"content":{"rendered":"<h3 style=\"text-align: center;\">3\u00ba Concerto: Madrigal do IFBA celebra 15 anos de atividades<\/h3>\n<p>O terceiro concerto da s\u00e9rie Concertos Did\u00e1ticos celebra o 15\u00ba anivers\u00e1rio do Madrigal do IFBA, e \u00e9 dedicado tamb\u00e9m ao\u00a0anivers\u00e1rio de 183 anos de Vit\u00f3ria da Conquista.\u00a0Obras de C\u00e9sar Franck, Caetano Veloso, Elomar Figueira Mello, Guilherme Arantes e\u00a0Jos\u00e9 Maur\u00edcio Nunes Garcia comp\u00f5em o repert\u00f3rio.<\/p>\n<p>A celebra\u00e7\u00e3o ser\u00e1 realizada no dia 9 de novembro, na\u00a0Par\u00f3quia dos Candeias, \u00e0s 19h30*.<\/p>\n<p>O Madrigal do IFBA \u00e9 um Projeto de Extens\u00e3o em m\u00fasica\u00a0dirigido pelo maestro Marcos Ferreira. Foi criado com o objetivo inicial de possibilitar a manuten\u00e7\u00e3o da pr\u00e1tica musical\u00a0dos estudantes e coralistas egressos da institui\u00e7\u00e3o. Atualmente \u00e9 formado por amigos da comunidade,\u00a0pais de estudantes, servidores, egressos e estudantes. Apresentou-se na cerim\u00f4nia de posse da\u00a0Reitoria do IFBA, em Salvador, em 2010. Em 2012, realizou um concerto na Catedral de Santana, em\u00a0Feira de Santana\/BA. Em Rio de Contas\/Chapada Diamantina, fez concertos nas celebra\u00e7\u00f5es\u00a0natalinas em 2010, 2018 e 2019. Em 2018, celebrou dez anos de atividades numa programa\u00e7\u00e3o dividida\u00a0em duas etapas: a primeira, em Salvador, durante a I Mostra Cultural do IFBA, com o concerto tem\u00e1tico &#8220;A M\u00fasica Baiana no repert\u00f3rio coral&#8221;, interpretando obras de Dorival Caymmi, Elomar Figueira Mello,\u00a0Gilberto Gil, Lindembergue Cardoso, entre outros; na segunda parte das celebra\u00e7\u00f5es, interpretou o Gl\u00f3ria, de Vivaldi, em concertos realizados em Vit\u00f3ria da Conquista\/BA e Rio de\u00a0Contas\/BA.\u00a0Em mar\u00e7o de 2023, o Madrigal se apresentou na Reitoria do IFBA, em Salvador,\u00a0numa cerim\u00f4nia que concedeu a Gilberto Gil o t\u00edtulo de Doutor Honoris Causa.<\/p>\n<p><span class=\"gmail-discreet\">*Ao realizar apresenta\u00e7\u00f5es em igrejas, s\u00e3o consideradas as\u00a0especificidades do repert\u00f3rio e a adequa\u00e7\u00e3o ac\u00fastica comumente encontrada em catedrais. N\u00e3o h\u00e1,\u00a0portanto, nenhuma vincula\u00e7\u00e3o do IFBA a religi\u00f5es.<\/span><\/p>\n<h3>4\u00ba Concerto: Homenagem a Rachmaninoff<\/h3>\n<p>O quarto concerto da s\u00e9rie homenageia o compositor russo Sergei Rachmaninoff, que completaria 150\u00a0anos em 2023, e ser\u00e1 realizado no dia 14 de novembro, \u00e0s 19h30, no Audit\u00f3rio do IFBA.<\/p>\n<p>Para esta apresenta\u00e7\u00e3o, o projeto convida\u00a0os pianistas Beatriz Botelho (graduanda da UFRJ), Claudia Cavalcante (regente do coral UESB),\u00a0Ludwig Fran\u00e7a (graduando da UFBA), Vladimir Canguss\u00fa J\u00fanior (graduado pela UFRJ) e Marcos\u00a0Ferreira (professor do IFBA), bem como os violoncelistas Gabriela Mello (graduada pela UFBA) e Jo\u00e3o\u00a0Omar de Carvalho Mello (mestre pela UFBA).<\/p>\n<p>O pianista e compositor russo Sergei Rachmanninoff foi um dos mais importantes expoentes do\u00a0romantismo na m\u00fasica de concerto ocidental. Oitenta anos ap\u00f3s sua morte, a obra de Rachmaninoff\u00a0continua viva e influenciando m\u00fasicos, sendo parte obrigat\u00f3ria na forma\u00e7\u00e3o de pianistas e regentes\u00a0em todo o mundo. Suas composi\u00e7\u00f5es est\u00e3o presentes em temas de filmes, musicais e animes, o que\u00a0destaca sua import\u00e2ncia n\u00e3o somente entre m\u00fasicos, mas tamb\u00e9m entre espectadores. O prop\u00f3sito da\u00a0homenagem \u00e9 que, em tempos de guerra, ela contribua para a reflex\u00e3o de que a paz\u00a0e a toler\u00e2ncia podem ter alicerce no respeito \u00e0s culturas dos povos, em especial \u00e0 arte e \u00e0 m\u00fasica.<\/p>\n<p class=\"gmail-callout\"><strong>Os dois concertos s\u00e3o abertos a toda a comunidade e tem entrada franca.<\/strong><\/p>\n","protected":false},"excerpt":{"rendered":"<p>3\u00ba Concerto: Madrigal do IFBA celebra 15 anos de atividades O terceiro concerto da s\u00e9rie Concertos Did\u00e1ticos celebra o 15\u00ba anivers\u00e1rio do Madrigal do IFBA, e \u00e9 dedicado tamb\u00e9m ao\u00a0anivers\u00e1rio de 183 anos de Vit\u00f3ria da Conquista.\u00a0Obras de C\u00e9sar Franck, Caetano Veloso, Elomar Figueira Mello, Guilherme Arantes e\u00a0Jos\u00e9 Maur\u00edcio Nunes Garcia comp\u00f5em o repert\u00f3rio. A [&hellip;]<\/p>\n","protected":false},"author":1,"featured_media":128543,"comment_status":"closed","ping_status":"closed","sticky":false,"template":"","format":"standard","meta":[],"categories":[212,28],"tags":[],"_links":{"self":[{"href":"http:\/\/blitzconquista.com.br\/index.php?rest_route=\/wp\/v2\/posts\/128541"}],"collection":[{"href":"http:\/\/blitzconquista.com.br\/index.php?rest_route=\/wp\/v2\/posts"}],"about":[{"href":"http:\/\/blitzconquista.com.br\/index.php?rest_route=\/wp\/v2\/types\/post"}],"author":[{"embeddable":true,"href":"http:\/\/blitzconquista.com.br\/index.php?rest_route=\/wp\/v2\/users\/1"}],"replies":[{"embeddable":true,"href":"http:\/\/blitzconquista.com.br\/index.php?rest_route=%2Fwp%2Fv2%2Fcomments&post=128541"}],"version-history":[{"count":1,"href":"http:\/\/blitzconquista.com.br\/index.php?rest_route=\/wp\/v2\/posts\/128541\/revisions"}],"predecessor-version":[{"id":128544,"href":"http:\/\/blitzconquista.com.br\/index.php?rest_route=\/wp\/v2\/posts\/128541\/revisions\/128544"}],"wp:featuredmedia":[{"embeddable":true,"href":"http:\/\/blitzconquista.com.br\/index.php?rest_route=\/wp\/v2\/media\/128543"}],"wp:attachment":[{"href":"http:\/\/blitzconquista.com.br\/index.php?rest_route=%2Fwp%2Fv2%2Fmedia&parent=128541"}],"wp:term":[{"taxonomy":"category","embeddable":true,"href":"http:\/\/blitzconquista.com.br\/index.php?rest_route=%2Fwp%2Fv2%2Fcategories&post=128541"},{"taxonomy":"post_tag","embeddable":true,"href":"http:\/\/blitzconquista.com.br\/index.php?rest_route=%2Fwp%2Fv2%2Ftags&post=128541"}],"curies":[{"name":"wp","href":"https:\/\/api.w.org\/{rel}","templated":true}]}}