{"id":128923,"date":"2023-11-28T01:23:00","date_gmt":"2023-11-28T04:23:00","guid":{"rendered":"http:\/\/blitzconquista.com.br\/?p=128923"},"modified":"2023-11-28T01:23:00","modified_gmt":"2023-11-28T04:23:00","slug":"jeronimo-cumpre-agenda-em-vitoria-da-conquista","status":"publish","type":"post","link":"http:\/\/blitzconquista.com.br\/?p=128923","title":{"rendered":"Jer\u00f4nimo cumpre agenda em Vit\u00f3ria da Conquista,"},"content":{"rendered":"<p><span data-contrast=\"none\">Governador Jer\u00f4nimo Rodrigues (PT) retorna a Vit\u00f3ria da Conquista com pauta voltada para a Sa\u00fade, mas a gestora do munic\u00edpio n\u00e3o compareceu.<\/span><span data-ccp-props=\"{&quot;134233117&quot;:false,&quot;134233118&quot;:false,&quot;201341983&quot;:0,&quot;335551550&quot;:6,&quot;335551620&quot;:6,&quot;335559738&quot;:0,&quot;335559739&quot;:150,&quot;335559740&quot;:259}\">\u00a0<\/span><\/p>\n<p><span data-contrast=\"none\">Em consequ\u00eancia disso, surgiu uma enxurrada de cr\u00edticas e burburinhos sugerindo que a aus\u00eancia foi proposital. <\/span><span data-ccp-props=\"{&quot;134233117&quot;:false,&quot;134233118&quot;:false,&quot;201341983&quot;:0,&quot;335551550&quot;:6,&quot;335551620&quot;:6,&quot;335559738&quot;:0,&quot;335559739&quot;:150,&quot;335559740&quot;:259}\">\u00a0<\/span><\/p>\n<p><span data-contrast=\"none\">A ambul\u00e2ncia entregue pelo governador ao munic\u00edpio foi recebida pelo secret\u00e1rio municipal de sa\u00fade.<\/span><span data-ccp-props=\"{&quot;134233117&quot;:false,&quot;134233118&quot;:false,&quot;201341983&quot;:0,&quot;335551550&quot;:6,&quot;335551620&quot;:6,&quot;335559738&quot;:0,&quot;335559739&quot;:150,&quot;335559740&quot;:259}\">\u00a0<\/span><\/p>\n<p><span data-contrast=\"none\">Ciente da repercuss\u00e3o que a sua aus\u00eancia provocou, a prefeita logo cuidou de divulgar nota informando que a sua agenda fora do munic\u00edpio teve marca\u00e7\u00e3o pr\u00e9via.<\/span><span data-ccp-props=\"{&quot;134233117&quot;:false,&quot;134233118&quot;:false,&quot;201341983&quot;:0,&quot;335551550&quot;:6,&quot;335551620&quot;:6,&quot;335559738&quot;:0,&quot;335559739&quot;:150,&quot;335559740&quot;:259}\">\u00a0<\/span><\/p>\n<p><span data-contrast=\"none\">Leia a nota:<\/span><span data-ccp-props=\"{&quot;134233117&quot;:false,&quot;134233118&quot;:false,&quot;201341983&quot;:0,&quot;335551550&quot;:6,&quot;335551620&quot;:6,&quot;335559738&quot;:0,&quot;335559739&quot;:150,&quot;335559740&quot;:259}\">\u00a0<\/span><\/p>\n<p><em>&#8220;A prefeita Sheila Lemos nunca se furtou a dialogar institucionalmente com o governador ou qualquer outro representante de institui\u00e7\u00e3o pol\u00edtica. Prova disso foi dada quando esteve com Rui Costa, \u00e0 \u00e9poca governador. Nesta segunda-feira (27), a gestora j\u00e1 havia agendado uma viagem a Bras\u00edlia onde cumpre agenda da Frente Nacional dos Prefeitos e se encontra com deputados federais em busca de recursos para projetos que v\u00e3o impactar toda a cidade de Vit\u00f3ria da Conquista. Portanto, qualquer tentativa de distorcer os fatos \u00e9 vista como leviana e n\u00e3o condiz com a realidade objetiva dos fatos. A prefeita Sheila Lemos acredita no processo democr\u00e1tico e republicano e espera a reciprocidade na busca de investimentos e solu\u00e7\u00f5es para a Joia do Sert\u00e3o. Para al\u00e9m, o secret\u00e1rio municipal da Sa\u00fade, Vinicius Rodrigues, representou o governo municipal na agenda do segmento.&#8221;<\/em><\/p>\n","protected":false},"excerpt":{"rendered":"<p>Governador Jer\u00f4nimo Rodrigues (PT) retorna a Vit\u00f3ria da Conquista com pauta voltada para a Sa\u00fade, mas a gestora do munic\u00edpio n\u00e3o compareceu.\u00a0 Em consequ\u00eancia disso, surgiu uma enxurrada de cr\u00edticas e burburinhos sugerindo que a aus\u00eancia foi proposital. \u00a0 A ambul\u00e2ncia entregue pelo governador ao munic\u00edpio foi recebida pelo secret\u00e1rio municipal de sa\u00fade.\u00a0 Ciente da [&hellip;]<\/p>\n","protected":false},"author":1,"featured_media":128925,"comment_status":"closed","ping_status":"closed","sticky":false,"template":"","format":"standard","meta":[],"categories":[212,5],"tags":[],"_links":{"self":[{"href":"http:\/\/blitzconquista.com.br\/index.php?rest_route=\/wp\/v2\/posts\/128923"}],"collection":[{"href":"http:\/\/blitzconquista.com.br\/index.php?rest_route=\/wp\/v2\/posts"}],"about":[{"href":"http:\/\/blitzconquista.com.br\/index.php?rest_route=\/wp\/v2\/types\/post"}],"author":[{"embeddable":true,"href":"http:\/\/blitzconquista.com.br\/index.php?rest_route=\/wp\/v2\/users\/1"}],"replies":[{"embeddable":true,"href":"http:\/\/blitzconquista.com.br\/index.php?rest_route=%2Fwp%2Fv2%2Fcomments&post=128923"}],"version-history":[{"count":1,"href":"http:\/\/blitzconquista.com.br\/index.php?rest_route=\/wp\/v2\/posts\/128923\/revisions"}],"predecessor-version":[{"id":128926,"href":"http:\/\/blitzconquista.com.br\/index.php?rest_route=\/wp\/v2\/posts\/128923\/revisions\/128926"}],"wp:featuredmedia":[{"embeddable":true,"href":"http:\/\/blitzconquista.com.br\/index.php?rest_route=\/wp\/v2\/media\/128925"}],"wp:attachment":[{"href":"http:\/\/blitzconquista.com.br\/index.php?rest_route=%2Fwp%2Fv2%2Fmedia&parent=128923"}],"wp:term":[{"taxonomy":"category","embeddable":true,"href":"http:\/\/blitzconquista.com.br\/index.php?rest_route=%2Fwp%2Fv2%2Fcategories&post=128923"},{"taxonomy":"post_tag","embeddable":true,"href":"http:\/\/blitzconquista.com.br\/index.php?rest_route=%2Fwp%2Fv2%2Ftags&post=128923"}],"curies":[{"name":"wp","href":"https:\/\/api.w.org\/{rel}","templated":true}]}}