{"id":129577,"date":"2024-01-23T21:50:07","date_gmt":"2024-01-24T00:50:07","guid":{"rendered":"http:\/\/blitzconquista.com.br\/?p=129577"},"modified":"2024-01-23T21:50:07","modified_gmt":"2024-01-24T00:50:07","slug":"jovens-serao-alertados-por-uso-abusivo-do-instagram","status":"publish","type":"post","link":"http:\/\/blitzconquista.com.br\/?p=129577","title":{"rendered":"Jovens ser\u00e3o alertados por uso abusivo do Instagram"},"content":{"rendered":"<h3 class=\"sinopse\" style=\"text-align: center;\">A rede social passar\u00e1 a emitir alertas ap\u00f3s \u00e0s 10 da noite para adolescentes que ficam mais de 10 minutos trocando mensagens ou assistindo v\u00eddeos.<\/h3>\n<p><span class=\"NormalTextRun SCXW206832953 BCX8\"><img decoding=\"async\" loading=\"lazy\" class=\"aligncenter size-full wp-image-129579\" src=\"http:\/\/blitzconquista.com.br\/wp-content\/uploads\/2024\/01\/instagram.jpg\" alt=\"\" width=\"523\" height=\"449\" srcset=\"http:\/\/blitzconquista.com.br\/wp-content\/uploads\/2024\/01\/instagram.jpg 523w, http:\/\/blitzconquista.com.br\/wp-content\/uploads\/2024\/01\/instagram-300x258.jpg 300w\" sizes=\"(max-width: 523px) 100vw, 523px\" \/>A rede social Instagram agora vai alertar os usu\u00e1rios mais jovens sobre o uso excessivo do aplicativo. Segundo a meta, empresa respons\u00e1vel pela rede social, os usu\u00e1rios que estiverem h\u00e1 mais de 10 minutos conversando pelo direct ou assistindo v\u00eddeos nos <\/span><span class=\"NormalTextRun SpellingErrorV2Themed SCXW206832953 BCX8\">reels<\/span><span class=\"NormalTextRun SCXW206832953 BCX8\"> ser\u00e3o notificados. Os alertas ser\u00e3o enviados sempre ap\u00f3s as 10 da noite principalmente para os adolescentes. De acordo com a rede social, o alerta vai incentivar o usu\u00e1rio a fechar o aplicativo e ir dormir. No Brasil, a medida j\u00e1 est\u00e1 valendo. Por\u00e9m, o aviso \u00e9 uma sugest\u00e3o e o jovem pode optar por continuar no Instagram. Desde o ano passado, a Meta vem implementando medidas para reduzir o uso de suas redes sociais, Facebook e Instagram, por crian\u00e7as e adolescentes. Uma das medidas \u00e9 permitir que os pais possam observar as mensagens trocadas pelos filhos nas redes sociais.<\/span><\/p>\n","protected":false},"excerpt":{"rendered":"<p>A rede social passar\u00e1 a emitir alertas ap\u00f3s \u00e0s 10 da noite para adolescentes que ficam mais de 10 minutos trocando mensagens ou assistindo v\u00eddeos. A rede social Instagram agora vai alertar os usu\u00e1rios mais jovens sobre o uso excessivo do aplicativo. Segundo a meta, empresa respons\u00e1vel pela rede social, os usu\u00e1rios que estiverem h\u00e1 [&hellip;]<\/p>\n","protected":false},"author":1,"featured_media":129579,"comment_status":"closed","ping_status":"closed","sticky":false,"template":"","format":"standard","meta":[],"categories":[4,30],"tags":[],"_links":{"self":[{"href":"http:\/\/blitzconquista.com.br\/index.php?rest_route=\/wp\/v2\/posts\/129577"}],"collection":[{"href":"http:\/\/blitzconquista.com.br\/index.php?rest_route=\/wp\/v2\/posts"}],"about":[{"href":"http:\/\/blitzconquista.com.br\/index.php?rest_route=\/wp\/v2\/types\/post"}],"author":[{"embeddable":true,"href":"http:\/\/blitzconquista.com.br\/index.php?rest_route=\/wp\/v2\/users\/1"}],"replies":[{"embeddable":true,"href":"http:\/\/blitzconquista.com.br\/index.php?rest_route=%2Fwp%2Fv2%2Fcomments&post=129577"}],"version-history":[{"count":1,"href":"http:\/\/blitzconquista.com.br\/index.php?rest_route=\/wp\/v2\/posts\/129577\/revisions"}],"predecessor-version":[{"id":129580,"href":"http:\/\/blitzconquista.com.br\/index.php?rest_route=\/wp\/v2\/posts\/129577\/revisions\/129580"}],"wp:featuredmedia":[{"embeddable":true,"href":"http:\/\/blitzconquista.com.br\/index.php?rest_route=\/wp\/v2\/media\/129579"}],"wp:attachment":[{"href":"http:\/\/blitzconquista.com.br\/index.php?rest_route=%2Fwp%2Fv2%2Fmedia&parent=129577"}],"wp:term":[{"taxonomy":"category","embeddable":true,"href":"http:\/\/blitzconquista.com.br\/index.php?rest_route=%2Fwp%2Fv2%2Fcategories&post=129577"},{"taxonomy":"post_tag","embeddable":true,"href":"http:\/\/blitzconquista.com.br\/index.php?rest_route=%2Fwp%2Fv2%2Ftags&post=129577"}],"curies":[{"name":"wp","href":"https:\/\/api.w.org\/{rel}","templated":true}]}}