{"id":129581,"date":"2024-01-23T22:05:43","date_gmt":"2024-01-24T01:05:43","guid":{"rendered":"http:\/\/blitzconquista.com.br\/?p=129581"},"modified":"2024-01-23T22:05:43","modified_gmt":"2024-01-24T01:05:43","slug":"prepare-o-bolso-conta-de-luz-vai-subir","status":"publish","type":"post","link":"http:\/\/blitzconquista.com.br\/?p=129581","title":{"rendered":"Prepare o bolso: conta de luz vai subir"},"content":{"rendered":"<h3 class=\"sinopse\" style=\"text-align: center;\">A estimativa da Aneel \u00e9 que a conta suba 5,6% este ano.<\/h3>\n<p><span class=\"TextRun SCXW98719478 BCX8\" lang=\"PT-BR\" xml:lang=\"PT-BR\" data-contrast=\"auto\"><span class=\"NormalTextRun SCXW98719478 BCX8\"><img decoding=\"async\" loading=\"lazy\" class=\"aligncenter size-full wp-image-125222\" src=\"http:\/\/blitzconquista.com.br\/wp-content\/uploads\/2023\/05\/Luz-Energia-Conta.jpg\" alt=\"\" width=\"462\" height=\"393\" \/>Em 2024 a conta de luz dos brasileiros deve ficar 5,6 por cento mais cara. A previs\u00e3o \u00e9 de uma proje\u00e7\u00e3o da Aneel, a Ag\u00eancia Nacional de Energia El\u00e9trica. No ano passado a conta de luz acumulou um aumento total de 5,9 por cento. A Ag\u00eancia Nacional de Energia El\u00e9trica reajusta as tarifas de energia cobradas pelas distribuidoras todo ano, independentemente da bandeira tarif\u00e1ria, se \u00e9 verde, <\/span><span class=\"NormalTextRun SCXW98719478 BCX8\">amarela ou vermelha<\/span><span class=\"NormalTextRun SCXW98719478 BCX8\">. Esses reajustes levam em considera\u00e7\u00e3o fatores como o custo da gera\u00e7\u00e3o e transmiss\u00e3o de energia, encargos setoriais, a expans\u00e3o da rede el\u00e9trica e a infla\u00e7\u00e3o no per\u00edodo.<\/span><\/span><span class=\"EOP SCXW98719478 BCX8\" data-ccp-props=\"{&quot;201341983&quot;:0,&quot;335551550&quot;:6,&quot;335551620&quot;:6,&quot;335559740&quot;:360}\">\u00a0<\/span><\/p>\n","protected":false},"excerpt":{"rendered":"<p>A estimativa da Aneel \u00e9 que a conta suba 5,6% este ano. Em 2024 a conta de luz dos brasileiros deve ficar 5,6 por cento mais cara. A previs\u00e3o \u00e9 de uma proje\u00e7\u00e3o da Aneel, a Ag\u00eancia Nacional de Energia El\u00e9trica. No ano passado a conta de luz acumulou um aumento total de 5,9 por [&hellip;]<\/p>\n","protected":false},"author":1,"featured_media":125222,"comment_status":"closed","ping_status":"closed","sticky":false,"template":"","format":"standard","meta":[],"categories":[478,4,212],"tags":[],"_links":{"self":[{"href":"http:\/\/blitzconquista.com.br\/index.php?rest_route=\/wp\/v2\/posts\/129581"}],"collection":[{"href":"http:\/\/blitzconquista.com.br\/index.php?rest_route=\/wp\/v2\/posts"}],"about":[{"href":"http:\/\/blitzconquista.com.br\/index.php?rest_route=\/wp\/v2\/types\/post"}],"author":[{"embeddable":true,"href":"http:\/\/blitzconquista.com.br\/index.php?rest_route=\/wp\/v2\/users\/1"}],"replies":[{"embeddable":true,"href":"http:\/\/blitzconquista.com.br\/index.php?rest_route=%2Fwp%2Fv2%2Fcomments&post=129581"}],"version-history":[{"count":1,"href":"http:\/\/blitzconquista.com.br\/index.php?rest_route=\/wp\/v2\/posts\/129581\/revisions"}],"predecessor-version":[{"id":129583,"href":"http:\/\/blitzconquista.com.br\/index.php?rest_route=\/wp\/v2\/posts\/129581\/revisions\/129583"}],"wp:featuredmedia":[{"embeddable":true,"href":"http:\/\/blitzconquista.com.br\/index.php?rest_route=\/wp\/v2\/media\/125222"}],"wp:attachment":[{"href":"http:\/\/blitzconquista.com.br\/index.php?rest_route=%2Fwp%2Fv2%2Fmedia&parent=129581"}],"wp:term":[{"taxonomy":"category","embeddable":true,"href":"http:\/\/blitzconquista.com.br\/index.php?rest_route=%2Fwp%2Fv2%2Fcategories&post=129581"},{"taxonomy":"post_tag","embeddable":true,"href":"http:\/\/blitzconquista.com.br\/index.php?rest_route=%2Fwp%2Fv2%2Ftags&post=129581"}],"curies":[{"name":"wp","href":"https:\/\/api.w.org\/{rel}","templated":true}]}}