{"id":130141,"date":"2024-02-26T07:33:02","date_gmt":"2024-02-26T10:33:02","guid":{"rendered":"http:\/\/blitzconquista.com.br\/?p=130141"},"modified":"2024-02-26T07:33:02","modified_gmt":"2024-02-26T10:33:02","slug":"corpo-de-homem-encontrado-na-praca-da-juventude","status":"publish","type":"post","link":"http:\/\/blitzconquista.com.br\/?p=130141","title":{"rendered":"Corpo de homem encontrado na Pra\u00e7a da Juventude"},"content":{"rendered":"<p><span class=\"_ap3a _aaco _aacu _aacx _aad7 _aade\" dir=\"auto\"><img decoding=\"async\" loading=\"lazy\" class=\"aligncenter size-full wp-image-130143\" src=\"http:\/\/blitzconquista.com.br\/wp-content\/uploads\/2024\/02\/UANDERSON.jpeg\" alt=\"\" width=\"505\" height=\"632\" srcset=\"http:\/\/blitzconquista.com.br\/wp-content\/uploads\/2024\/02\/UANDERSON.jpeg 505w, http:\/\/blitzconquista.com.br\/wp-content\/uploads\/2024\/02\/UANDERSON-240x300.jpeg 240w\" sizes=\"(max-width: 505px) 100vw, 505px\" \/><br \/>\n<\/span><\/p>\n<p>O corpo encontrado na <span class=\"_ap3a _aaco _aacu _aacx _aad7 _aade\" dir=\"auto\">Pra\u00e7a da Juventude no bairro Guarani, na noite do \u00faltimo s\u00e1bado (24), foi identificado. <\/span><\/p>\n<p>Uanderson (21 anos) foi por populares que acionaram o Samu 192. Constatado o \u00f3bito, o corpo foi encaminhado por policiais do Departamento de Pol\u00edcia T\u00e9cnica &#8211; DPT ao Instituto M\u00e9dico Legal &#8211; IML.<\/p>\n<p>A Pol\u00edcia Militar esteve no local e efetuou dilig\u00eancias para alcan\u00e7ar os autores do homic\u00eddio cujas circunst\u00e2ncias e motiva\u00e7\u00e3o s\u00e3o desconhecidos.<\/p>\n<p>&nbsp;<\/p>\n<p>Informa\u00e7\u00f5es L\u00e9o Santos<\/p>\n","protected":false},"excerpt":{"rendered":"<p>O corpo encontrado na Pra\u00e7a da Juventude no bairro Guarani, na noite do \u00faltimo s\u00e1bado (24), foi identificado. Uanderson (21 anos) foi por populares que acionaram o Samu 192. Constatado o \u00f3bito, o corpo foi encaminhado por policiais do Departamento de Pol\u00edcia T\u00e9cnica &#8211; DPT ao Instituto M\u00e9dico Legal &#8211; IML. A Pol\u00edcia Militar esteve [&hellip;]<\/p>\n","protected":false},"author":1,"featured_media":130143,"comment_status":"closed","ping_status":"closed","sticky":false,"template":"","format":"standard","meta":[],"categories":[3],"tags":[],"_links":{"self":[{"href":"http:\/\/blitzconquista.com.br\/index.php?rest_route=\/wp\/v2\/posts\/130141"}],"collection":[{"href":"http:\/\/blitzconquista.com.br\/index.php?rest_route=\/wp\/v2\/posts"}],"about":[{"href":"http:\/\/blitzconquista.com.br\/index.php?rest_route=\/wp\/v2\/types\/post"}],"author":[{"embeddable":true,"href":"http:\/\/blitzconquista.com.br\/index.php?rest_route=\/wp\/v2\/users\/1"}],"replies":[{"embeddable":true,"href":"http:\/\/blitzconquista.com.br\/index.php?rest_route=%2Fwp%2Fv2%2Fcomments&post=130141"}],"version-history":[{"count":1,"href":"http:\/\/blitzconquista.com.br\/index.php?rest_route=\/wp\/v2\/posts\/130141\/revisions"}],"predecessor-version":[{"id":130144,"href":"http:\/\/blitzconquista.com.br\/index.php?rest_route=\/wp\/v2\/posts\/130141\/revisions\/130144"}],"wp:featuredmedia":[{"embeddable":true,"href":"http:\/\/blitzconquista.com.br\/index.php?rest_route=\/wp\/v2\/media\/130143"}],"wp:attachment":[{"href":"http:\/\/blitzconquista.com.br\/index.php?rest_route=%2Fwp%2Fv2%2Fmedia&parent=130141"}],"wp:term":[{"taxonomy":"category","embeddable":true,"href":"http:\/\/blitzconquista.com.br\/index.php?rest_route=%2Fwp%2Fv2%2Fcategories&post=130141"},{"taxonomy":"post_tag","embeddable":true,"href":"http:\/\/blitzconquista.com.br\/index.php?rest_route=%2Fwp%2Fv2%2Ftags&post=130141"}],"curies":[{"name":"wp","href":"https:\/\/api.w.org\/{rel}","templated":true}]}}