{"id":131002,"date":"2024-04-11T05:18:33","date_gmt":"2024-04-11T08:18:33","guid":{"rendered":"http:\/\/blitzconquista.com.br\/?p=131002"},"modified":"2024-04-11T05:18:33","modified_gmt":"2024-04-11T08:18:33","slug":"carro-roubado-em-pocoes-e-recuperado-na-cidade-de-iguai","status":"publish","type":"post","link":"http:\/\/blitzconquista.com.br\/?p=131002","title":{"rendered":"Carro roubado em Po\u00e7\u00f5es \u00e9 recuperado na cidade de Igua\u00ed"},"content":{"rendered":"<h1 id=\"story_title\"><img decoding=\"async\" loading=\"lazy\" class=\"size-full wp-image-131004 aligncenter\" src=\"http:\/\/blitzconquista.com.br\/wp-content\/uploads\/2024\/04\/1712779067423.jpeg\" alt=\"\" width=\"780\" height=\"559\" srcset=\"http:\/\/blitzconquista.com.br\/wp-content\/uploads\/2024\/04\/1712779067423.jpeg 780w, http:\/\/blitzconquista.com.br\/wp-content\/uploads\/2024\/04\/1712779067423-300x215.jpeg 300w, http:\/\/blitzconquista.com.br\/wp-content\/uploads\/2024\/04\/1712779067423-695x498.jpeg 695w, http:\/\/blitzconquista.com.br\/wp-content\/uploads\/2024\/04\/1712779067423-768x550.jpeg 768w\" sizes=\"(max-width: 780px) 100vw, 780px\" \/><\/h1>\n<div id=\"story_text\">\n<div>Uma a\u00e7\u00e3o conjunta das Pol\u00edcias Civil e Militar localizou, em um matagal no povoado de Riach\u00e3o de Cambiriba, um carro com restri\u00e7\u00e3o de roubo. O flagrante ocorreu na ter\u00e7a-feira (9), quando as equipes tamb\u00e9m apreenderam quatro espingardas artesanais, uma arma de press\u00e3o, um fac\u00e3o, canivete e muni\u00e7\u00f5es.<\/div>\n<div><\/div>\n<div>O carro, roubado na cidade de Po\u00e7\u00f5es, e as armas apreendidas foram apresentados na Delegacia Territorial (DT) de Igua\u00ed, que instaurou um inqu\u00e9rito policial para apurar o caso.<\/div>\n<div><\/div>\n<div>As investiga\u00e7\u00f5es ter\u00e3o desdobramentos para identificar e localizar os autores do crime. As armas foram encaminhadas \u00e0 per\u00edcia.<\/div>\n<div><\/div>\n<div>Ascom-PC<\/div>\n<\/div>\n","protected":false},"excerpt":{"rendered":"<p>Uma a\u00e7\u00e3o conjunta das Pol\u00edcias Civil e Militar localizou, em um matagal no povoado de Riach\u00e3o de Cambiriba, um carro com restri\u00e7\u00e3o de roubo. O flagrante ocorreu na ter\u00e7a-feira (9), quando as equipes tamb\u00e9m apreenderam quatro espingardas artesanais, uma arma de press\u00e3o, um fac\u00e3o, canivete e muni\u00e7\u00f5es. O carro, roubado na cidade de Po\u00e7\u00f5es, e [&hellip;]<\/p>\n","protected":false},"author":1,"featured_media":131004,"comment_status":"closed","ping_status":"closed","sticky":false,"template":"","format":"standard","meta":[],"categories":[3],"tags":[],"_links":{"self":[{"href":"http:\/\/blitzconquista.com.br\/index.php?rest_route=\/wp\/v2\/posts\/131002"}],"collection":[{"href":"http:\/\/blitzconquista.com.br\/index.php?rest_route=\/wp\/v2\/posts"}],"about":[{"href":"http:\/\/blitzconquista.com.br\/index.php?rest_route=\/wp\/v2\/types\/post"}],"author":[{"embeddable":true,"href":"http:\/\/blitzconquista.com.br\/index.php?rest_route=\/wp\/v2\/users\/1"}],"replies":[{"embeddable":true,"href":"http:\/\/blitzconquista.com.br\/index.php?rest_route=%2Fwp%2Fv2%2Fcomments&post=131002"}],"version-history":[{"count":1,"href":"http:\/\/blitzconquista.com.br\/index.php?rest_route=\/wp\/v2\/posts\/131002\/revisions"}],"predecessor-version":[{"id":131005,"href":"http:\/\/blitzconquista.com.br\/index.php?rest_route=\/wp\/v2\/posts\/131002\/revisions\/131005"}],"wp:featuredmedia":[{"embeddable":true,"href":"http:\/\/blitzconquista.com.br\/index.php?rest_route=\/wp\/v2\/media\/131004"}],"wp:attachment":[{"href":"http:\/\/blitzconquista.com.br\/index.php?rest_route=%2Fwp%2Fv2%2Fmedia&parent=131002"}],"wp:term":[{"taxonomy":"category","embeddable":true,"href":"http:\/\/blitzconquista.com.br\/index.php?rest_route=%2Fwp%2Fv2%2Fcategories&post=131002"},{"taxonomy":"post_tag","embeddable":true,"href":"http:\/\/blitzconquista.com.br\/index.php?rest_route=%2Fwp%2Fv2%2Ftags&post=131002"}],"curies":[{"name":"wp","href":"https:\/\/api.w.org\/{rel}","templated":true}]}}