{"id":131006,"date":"2024-04-11T05:21:49","date_gmt":"2024-04-11T08:21:49","guid":{"rendered":"http:\/\/blitzconquista.com.br\/?p=131006"},"modified":"2024-04-11T05:21:49","modified_gmt":"2024-04-11T08:21:49","slug":"homem-e-preso-por-matar-uma-mulher-em-um-bar-em-feira","status":"publish","type":"post","link":"http:\/\/blitzconquista.com.br\/?p=131006","title":{"rendered":"Homem \u00e9 preso por matar uma mulher em um bar em Feira"},"content":{"rendered":"<h1 id=\"story_title\"><img decoding=\"async\" loading=\"lazy\" class=\"size-full wp-image-131008 aligncenter\" src=\"http:\/\/blitzconquista.com.br\/wp-content\/uploads\/2024\/04\/1712774528d726763dcd374f9a9ab652bebcff8204.jpeg\" alt=\"\" width=\"1600\" height=\"1066\" srcset=\"http:\/\/blitzconquista.com.br\/wp-content\/uploads\/2024\/04\/1712774528d726763dcd374f9a9ab652bebcff8204.jpeg 1600w, http:\/\/blitzconquista.com.br\/wp-content\/uploads\/2024\/04\/1712774528d726763dcd374f9a9ab652bebcff8204-300x200.jpeg 300w, http:\/\/blitzconquista.com.br\/wp-content\/uploads\/2024\/04\/1712774528d726763dcd374f9a9ab652bebcff8204-695x463.jpeg 695w, http:\/\/blitzconquista.com.br\/wp-content\/uploads\/2024\/04\/1712774528d726763dcd374f9a9ab652bebcff8204-768x512.jpeg 768w, http:\/\/blitzconquista.com.br\/wp-content\/uploads\/2024\/04\/1712774528d726763dcd374f9a9ab652bebcff8204-1536x1023.jpeg 1536w, http:\/\/blitzconquista.com.br\/wp-content\/uploads\/2024\/04\/1712774528d726763dcd374f9a9ab652bebcff8204-414x276.jpeg 414w, http:\/\/blitzconquista.com.br\/wp-content\/uploads\/2024\/04\/1712774528d726763dcd374f9a9ab652bebcff8204-470x313.jpeg 470w, http:\/\/blitzconquista.com.br\/wp-content\/uploads\/2024\/04\/1712774528d726763dcd374f9a9ab652bebcff8204-640x426.jpeg 640w, http:\/\/blitzconquista.com.br\/wp-content\/uploads\/2024\/04\/1712774528d726763dcd374f9a9ab652bebcff8204-130x86.jpeg 130w, http:\/\/blitzconquista.com.br\/wp-content\/uploads\/2024\/04\/1712774528d726763dcd374f9a9ab652bebcff8204-187x124.jpeg 187w, http:\/\/blitzconquista.com.br\/wp-content\/uploads\/2024\/04\/1712774528d726763dcd374f9a9ab652bebcff8204-990x660.jpeg 990w, http:\/\/blitzconquista.com.br\/wp-content\/uploads\/2024\/04\/1712774528d726763dcd374f9a9ab652bebcff8204-1320x879.jpeg 1320w\" sizes=\"(max-width: 1600px) 100vw, 1600px\" \/><\/h1>\n<div id=\"story_text\">\n<div>\n<div>Investigadores da Delegacia de Homic\u00eddios (DH) de Feira de Santana cumpriram, na ter\u00e7a-feira (9), um mandado de pris\u00e3o preventiva de um homem suspeito da morte de Adriana dos Reis Santos e de duas tentativas de homic\u00eddio.<\/div>\n<div><\/div>\n<div>O crime ocorreu no \u00faltimo dia 6, no bairro Concei\u00e7\u00e3o. As investiga\u00e7\u00f5es apontaram que Adriana estava em um bar com um homem e a irm\u00e3 dela, quando o suspeito se aproximou e deflagrou disparos de arma de fogo contra as v\u00edtimas.<\/div>\n<div><\/div>\n<div>A pris\u00e3o do investigado possibilitou a identifica\u00e7\u00e3o de outros envolvidos no crime, os quais est\u00e3o sendo procurados. Oitivas s\u00e3o realizadas para esclarecer a motiva\u00e7\u00e3o do homic\u00eddio. O homem foi submetido ao exame de les\u00e3o corporal e encaminhado ao Complexo Policial do Sobradinho, onde permanece \u00e0 disposi\u00e7\u00e3o da Justi\u00e7a.<\/div>\n<div><\/div>\n<div>Ascom-PC<\/div>\n<\/div>\n<\/div>\n","protected":false},"excerpt":{"rendered":"<p>Investigadores da Delegacia de Homic\u00eddios (DH) de Feira de Santana cumpriram, na ter\u00e7a-feira (9), um mandado de pris\u00e3o preventiva de um homem suspeito da morte de Adriana dos Reis Santos e de duas tentativas de homic\u00eddio. O crime ocorreu no \u00faltimo dia 6, no bairro Concei\u00e7\u00e3o. As investiga\u00e7\u00f5es apontaram que Adriana estava em um bar [&hellip;]<\/p>\n","protected":false},"author":1,"featured_media":131008,"comment_status":"closed","ping_status":"closed","sticky":false,"template":"","format":"standard","meta":[],"categories":[3],"tags":[],"_links":{"self":[{"href":"http:\/\/blitzconquista.com.br\/index.php?rest_route=\/wp\/v2\/posts\/131006"}],"collection":[{"href":"http:\/\/blitzconquista.com.br\/index.php?rest_route=\/wp\/v2\/posts"}],"about":[{"href":"http:\/\/blitzconquista.com.br\/index.php?rest_route=\/wp\/v2\/types\/post"}],"author":[{"embeddable":true,"href":"http:\/\/blitzconquista.com.br\/index.php?rest_route=\/wp\/v2\/users\/1"}],"replies":[{"embeddable":true,"href":"http:\/\/blitzconquista.com.br\/index.php?rest_route=%2Fwp%2Fv2%2Fcomments&post=131006"}],"version-history":[{"count":1,"href":"http:\/\/blitzconquista.com.br\/index.php?rest_route=\/wp\/v2\/posts\/131006\/revisions"}],"predecessor-version":[{"id":131009,"href":"http:\/\/blitzconquista.com.br\/index.php?rest_route=\/wp\/v2\/posts\/131006\/revisions\/131009"}],"wp:featuredmedia":[{"embeddable":true,"href":"http:\/\/blitzconquista.com.br\/index.php?rest_route=\/wp\/v2\/media\/131008"}],"wp:attachment":[{"href":"http:\/\/blitzconquista.com.br\/index.php?rest_route=%2Fwp%2Fv2%2Fmedia&parent=131006"}],"wp:term":[{"taxonomy":"category","embeddable":true,"href":"http:\/\/blitzconquista.com.br\/index.php?rest_route=%2Fwp%2Fv2%2Fcategories&post=131006"},{"taxonomy":"post_tag","embeddable":true,"href":"http:\/\/blitzconquista.com.br\/index.php?rest_route=%2Fwp%2Fv2%2Ftags&post=131006"}],"curies":[{"name":"wp","href":"https:\/\/api.w.org\/{rel}","templated":true}]}}