{"id":131010,"date":"2024-04-11T05:24:20","date_gmt":"2024-04-11T08:24:20","guid":{"rendered":"http:\/\/blitzconquista.com.br\/?p=131010"},"modified":"2024-04-11T05:24:20","modified_gmt":"2024-04-11T08:24:20","slug":"mulher-e-presa-por-nao-prestar-socorro-ao-filho-agredido-pelo-pai","status":"publish","type":"post","link":"http:\/\/blitzconquista.com.br\/?p=131010","title":{"rendered":"Mulher \u00e9 presa por n\u00e3o prestar socorro ao filho agredido pelo pai"},"content":{"rendered":"<h1 id=\"story_title\"><img decoding=\"async\" loading=\"lazy\" class=\"size-full wp-image-131012 aligncenter\" src=\"http:\/\/blitzconquista.com.br\/wp-content\/uploads\/2024\/04\/1712774735983b88092e084a8a99e9807e18233f49.jpeg\" alt=\"\" width=\"1280\" height=\"852\" srcset=\"http:\/\/blitzconquista.com.br\/wp-content\/uploads\/2024\/04\/1712774735983b88092e084a8a99e9807e18233f49.jpeg 1280w, http:\/\/blitzconquista.com.br\/wp-content\/uploads\/2024\/04\/1712774735983b88092e084a8a99e9807e18233f49-300x200.jpeg 300w, http:\/\/blitzconquista.com.br\/wp-content\/uploads\/2024\/04\/1712774735983b88092e084a8a99e9807e18233f49-695x463.jpeg 695w, http:\/\/blitzconquista.com.br\/wp-content\/uploads\/2024\/04\/1712774735983b88092e084a8a99e9807e18233f49-768x511.jpeg 768w, http:\/\/blitzconquista.com.br\/wp-content\/uploads\/2024\/04\/1712774735983b88092e084a8a99e9807e18233f49-414x276.jpeg 414w, http:\/\/blitzconquista.com.br\/wp-content\/uploads\/2024\/04\/1712774735983b88092e084a8a99e9807e18233f49-470x313.jpeg 470w, http:\/\/blitzconquista.com.br\/wp-content\/uploads\/2024\/04\/1712774735983b88092e084a8a99e9807e18233f49-640x426.jpeg 640w, http:\/\/blitzconquista.com.br\/wp-content\/uploads\/2024\/04\/1712774735983b88092e084a8a99e9807e18233f49-130x86.jpeg 130w, http:\/\/blitzconquista.com.br\/wp-content\/uploads\/2024\/04\/1712774735983b88092e084a8a99e9807e18233f49-187x124.jpeg 187w, http:\/\/blitzconquista.com.br\/wp-content\/uploads\/2024\/04\/1712774735983b88092e084a8a99e9807e18233f49-990x659.jpeg 990w\" sizes=\"(max-width: 1280px) 100vw, 1280px\" \/><\/h1>\n<div id=\"story_text\">\n<div>Equipes da Delegacia de Homic\u00eddios (DH) de Vit\u00f3ria da Conquista cumpriram, na ter\u00e7a-feira (9), o mandado de pris\u00e3o preventiva de uma mulher por omiss\u00e3o de socorro. A suspeita \u00e9 m\u00e3e do garoto Enzo Gabriel Alves da Silva, de quatro anos, morto a marteladas pelo pai.<\/div>\n<div><\/div>\n<div>O crime ocorreu no dia 22 de mar\u00e7o, no bairro Vila Elisa, quando o autor foi preso em flagrante. O martelo usado para agredir a crian\u00e7a na cabe\u00e7a foi apreendido com o homem, bem como drogas e uma balan\u00e7a.<\/div>\n<div><\/div>\n<div>Investiga\u00e7\u00f5es realizadas pela DH de Vit\u00f3ria da Conquista apontaram que a v\u00edtima j\u00e1 vinha sendo agredida pelo pai h\u00e1 tr\u00eas meses. \u201cO menino sofria severos castigos e era submetido a torturas f\u00edsicas e psicol\u00f3gicas. O genitor ainda gravava as agress\u00f5es e mandava para a m\u00e3e da crian\u00e7a\u201d, informou a titular da unidade especializada, delegada Alessandra M\u00e1rcia Cardoso Pereira.<\/div>\n<div><\/div>\n<div>Ainda de acordo com a delegada, a mulher nunca denunciou as agress\u00f5es \u00e0 pol\u00edcia. \u201cMesmo ciente dos maus tratos, ela n\u00e3o prestou socorro ao filho, caracterizando o crime de omiss\u00e3o de socorro. O casal usava drogas na frente da crian\u00e7a e a casa onde eles moravam n\u00e3o tinha as m\u00ednimas condi\u00e7\u00f5es de higiene\u201d, ressaltou.<\/div>\n<div><\/div>\n<div>A mulher foi submetida aos exames de les\u00f5es de praxe e seguiu para o Pres\u00eddio Nilton Gon\u00e7alves, onde permanece \u00e0 disposi\u00e7\u00e3o do Poder Judici\u00e1rio.<\/div>\n<div><\/div>\n<div>Ascom-PC<\/div>\n<\/div>\n","protected":false},"excerpt":{"rendered":"<p>Equipes da Delegacia de Homic\u00eddios (DH) de Vit\u00f3ria da Conquista cumpriram, na ter\u00e7a-feira (9), o mandado de pris\u00e3o preventiva de uma mulher por omiss\u00e3o de socorro. A suspeita \u00e9 m\u00e3e do garoto Enzo Gabriel Alves da Silva, de quatro anos, morto a marteladas pelo pai. O crime ocorreu no dia 22 de mar\u00e7o, no bairro [&hellip;]<\/p>\n","protected":false},"author":1,"featured_media":131012,"comment_status":"closed","ping_status":"closed","sticky":false,"template":"","format":"standard","meta":[],"categories":[3],"tags":[],"_links":{"self":[{"href":"http:\/\/blitzconquista.com.br\/index.php?rest_route=\/wp\/v2\/posts\/131010"}],"collection":[{"href":"http:\/\/blitzconquista.com.br\/index.php?rest_route=\/wp\/v2\/posts"}],"about":[{"href":"http:\/\/blitzconquista.com.br\/index.php?rest_route=\/wp\/v2\/types\/post"}],"author":[{"embeddable":true,"href":"http:\/\/blitzconquista.com.br\/index.php?rest_route=\/wp\/v2\/users\/1"}],"replies":[{"embeddable":true,"href":"http:\/\/blitzconquista.com.br\/index.php?rest_route=%2Fwp%2Fv2%2Fcomments&post=131010"}],"version-history":[{"count":1,"href":"http:\/\/blitzconquista.com.br\/index.php?rest_route=\/wp\/v2\/posts\/131010\/revisions"}],"predecessor-version":[{"id":131013,"href":"http:\/\/blitzconquista.com.br\/index.php?rest_route=\/wp\/v2\/posts\/131010\/revisions\/131013"}],"wp:featuredmedia":[{"embeddable":true,"href":"http:\/\/blitzconquista.com.br\/index.php?rest_route=\/wp\/v2\/media\/131012"}],"wp:attachment":[{"href":"http:\/\/blitzconquista.com.br\/index.php?rest_route=%2Fwp%2Fv2%2Fmedia&parent=131010"}],"wp:term":[{"taxonomy":"category","embeddable":true,"href":"http:\/\/blitzconquista.com.br\/index.php?rest_route=%2Fwp%2Fv2%2Fcategories&post=131010"},{"taxonomy":"post_tag","embeddable":true,"href":"http:\/\/blitzconquista.com.br\/index.php?rest_route=%2Fwp%2Fv2%2Ftags&post=131010"}],"curies":[{"name":"wp","href":"https:\/\/api.w.org\/{rel}","templated":true}]}}