{"id":131834,"date":"2024-05-17T01:26:58","date_gmt":"2024-05-17T04:26:58","guid":{"rendered":"http:\/\/blitzconquista.com.br\/?p=131834"},"modified":"2024-05-17T01:26:58","modified_gmt":"2024-05-17T04:26:58","slug":"docentes-da-uesb-fazem-paralisacao-dia-24-de-maio-manifestacao-em-salvador","status":"publish","type":"post","link":"http:\/\/blitzconquista.com.br\/?p=131834","title":{"rendered":"Docentes da UESB fazem paralisa\u00e7\u00e3o dia 24 de maio | Manifesta\u00e7\u00e3o em Salvador"},"content":{"rendered":"<p dir=\"ltr\"><span id=\"gmail-docs-internal-guid-e0d4aff5-7fff-e688-67e5-c0e55d31b907\"><img decoding=\"async\" loading=\"lazy\" class=\"aligncenter size-full wp-image-131836\" src=\"http:\/\/blitzconquista.com.br\/wp-content\/uploads\/2024\/05\/adusb_site_ato25demaio.png\" alt=\"\" width=\"660\" height=\"390\" srcset=\"http:\/\/blitzconquista.com.br\/wp-content\/uploads\/2024\/05\/adusb_site_ato25demaio.png 660w, http:\/\/blitzconquista.com.br\/wp-content\/uploads\/2024\/05\/adusb_site_ato25demaio-300x177.png 300w\" sizes=\"(max-width: 660px) 100vw, 660px\" \/>As professoras e os professores das Universidades Estaduais da Bahia est\u00e3o lutando por um plano de recomposi\u00e7\u00e3o das perdas salariais dos \u00faltimos nove anos. No dia 24 de maio, o F\u00f3rum das Associa\u00e7\u00f5es Docentes tem uma reuni\u00e3o marcada com a administra\u00e7\u00e3o estadual, que promete apresentar um plano de recomposi\u00e7\u00e3o desse sal\u00e1rio que est\u00e1 defasado em vista do descaso do\u00a0governo baiano com as\/os servidoras\/es p\u00fablicas\/os.\u00a0<\/span><\/p>\n<p>Para fortalecer o movimento e como parte do calend\u00e1rio de mobiliza\u00e7\u00e3o, acontece na mesma data da reuni\u00e3o &#8211; 24 de maio &#8211; a paralisa\u00e7\u00e3o das atividades docentes, com ato em Salvador. A Adusb levar\u00e1 um \u00f4nibus com professoras\/es e discentes para participar da manifesta\u00e7\u00e3o.<\/p>\n<p><strong>Inscri\u00e7\u00f5es\u00a0<\/strong><\/p>\n<p>Os docentes que desejarem participar da atividade devem solicitar sua inscri\u00e7\u00e3o atrav\u00e9s do e-mail\u00a0<a>adusbsecretaria@gmail.com<\/a>\u00a0at\u00e9 a pr\u00f3xima ter\u00e7a-feira (21 de maio), com o envio do nome completo, RG e n\u00famero de telefone WhatsApp. J\u00e1 para as\/os discentes, ser\u00e3o oito (8) vagas em cada campus, mas as inscri\u00e7\u00f5es ser\u00e3o feitas diretamente com os DCEs de Itapetinga, Jequi\u00e9 e Vit\u00f3ria da Conquista, que enviar\u00e3o as listas para a Adusb com os dados solicitados (nome completo, RG e n\u00famero de telefone WhatsApp).<\/p>\n<p><strong>Transporte\u00a0<\/strong><\/p>\n<p>O transporte sair\u00e1 de Itapetinga, \u00e0s 19h, do dia 23 de maio. Em Vit\u00f3ria da Conquista, o \u00f4nibus sair\u00e1 do Posto Pantanal, \u00e0s 21h30min, e partir\u00e1 para buscar as\/os que sair\u00e3o de Jequi\u00e9, com previs\u00e3o de chegada \u00e0s 00h. O \u00f4nibus chegar\u00e1 em Salvador na madrugada de 24 de maio. A Adusb providenciar\u00e1 a log\u00edstica de caf\u00e9 da manh\u00e3 e descanso at\u00e9 o hor\u00e1rio de deslocamento para o ato, que est\u00e1 previsto para 14h no CAB. Ap\u00f3s a manifesta\u00e7\u00e3o, o \u00f4nibus fretado voltar\u00e1 para as cidades de origem. Um roteiro detalhado ser\u00e1 fornecido aos\/\u00e0s participantes. A Adusb pagar\u00e1 di\u00e1rias para custeio de alimenta\u00e7\u00e3o e deslocamento na sa\u00edda e retorno nas respectivas cidades de origem.<\/p>\n<p><strong>Vig\u00edlia local<\/strong><\/p>\n<p>No dia 24 de maio, \u00e0s 14 horas, durante a reuni\u00e3o com os representantes do Governo, a categoria estar\u00e1 mobilizada em vig\u00edlia tamb\u00e9m nos port\u00f5es da UESB nos tr\u00eas campi.<\/p>\n","protected":false},"excerpt":{"rendered":"<p>As professoras e os professores das Universidades Estaduais da Bahia est\u00e3o lutando por um plano de recomposi\u00e7\u00e3o das perdas salariais dos \u00faltimos nove anos. No dia 24 de maio, o F\u00f3rum das Associa\u00e7\u00f5es Docentes tem uma reuni\u00e3o marcada com a administra\u00e7\u00e3o estadual, que promete apresentar um plano de recomposi\u00e7\u00e3o desse sal\u00e1rio que est\u00e1 defasado em [&hellip;]<\/p>\n","protected":false},"author":1,"featured_media":131836,"comment_status":"closed","ping_status":"closed","sticky":false,"template":"","format":"standard","meta":[],"categories":[212,28],"tags":[],"_links":{"self":[{"href":"http:\/\/blitzconquista.com.br\/index.php?rest_route=\/wp\/v2\/posts\/131834"}],"collection":[{"href":"http:\/\/blitzconquista.com.br\/index.php?rest_route=\/wp\/v2\/posts"}],"about":[{"href":"http:\/\/blitzconquista.com.br\/index.php?rest_route=\/wp\/v2\/types\/post"}],"author":[{"embeddable":true,"href":"http:\/\/blitzconquista.com.br\/index.php?rest_route=\/wp\/v2\/users\/1"}],"replies":[{"embeddable":true,"href":"http:\/\/blitzconquista.com.br\/index.php?rest_route=%2Fwp%2Fv2%2Fcomments&post=131834"}],"version-history":[{"count":1,"href":"http:\/\/blitzconquista.com.br\/index.php?rest_route=\/wp\/v2\/posts\/131834\/revisions"}],"predecessor-version":[{"id":131837,"href":"http:\/\/blitzconquista.com.br\/index.php?rest_route=\/wp\/v2\/posts\/131834\/revisions\/131837"}],"wp:featuredmedia":[{"embeddable":true,"href":"http:\/\/blitzconquista.com.br\/index.php?rest_route=\/wp\/v2\/media\/131836"}],"wp:attachment":[{"href":"http:\/\/blitzconquista.com.br\/index.php?rest_route=%2Fwp%2Fv2%2Fmedia&parent=131834"}],"wp:term":[{"taxonomy":"category","embeddable":true,"href":"http:\/\/blitzconquista.com.br\/index.php?rest_route=%2Fwp%2Fv2%2Fcategories&post=131834"},{"taxonomy":"post_tag","embeddable":true,"href":"http:\/\/blitzconquista.com.br\/index.php?rest_route=%2Fwp%2Fv2%2Ftags&post=131834"}],"curies":[{"name":"wp","href":"https:\/\/api.w.org\/{rel}","templated":true}]}}