{"id":132413,"date":"2024-06-23T22:37:18","date_gmt":"2024-06-24T01:37:18","guid":{"rendered":"http:\/\/blitzconquista.com.br\/?p=132413"},"modified":"2024-06-23T22:37:18","modified_gmt":"2024-06-24T01:37:18","slug":"pf-e-senad-iniciam-a-45a-fase-da-operacao-nova-alianca","status":"publish","type":"post","link":"http:\/\/blitzconquista.com.br\/?p=132413","title":{"rendered":"PF e SENAD iniciam a 45\u00aa Fase da Opera\u00e7\u00e3o Nova Alian\u00e7a"},"content":{"rendered":"<h3 class=\"documentDescription\" style=\"text-align: center;\">A\u00e7\u00e3o d\u00e1 continuidade \u00e0 estrat\u00e9gia de atacar o tr\u00e1fico de drogas na origem e descapitalizar as organiza\u00e7\u00f5es criminosas envolvidas.<\/h3>\n<div id=\"viewlet-above-content-body\">\n<div class=\"swiper-container swiper-container-horizontal\">\n<div class=\"swiper-wrapper\">\n<div class=\"swiper-slide\">\n<div class=\"swiper-player aspect-16-9\">\n<div class=\"aligncenter\"><img decoding=\"async\" loading=\"lazy\" class=\"aligncenter\" src=\"https:\/\/www.gov.br\/pf\/pt-br\/assuntos\/noticias\/2024\/06\/pf-e-senad-iniciam-a-45a-fase-da-operacao-nova-alianca\/na5.jpg\/@@images\/0d1db741-4b9c-46b7-9fa5-3e335bde27a8.jpeg\" alt=\"na5.jpg\" width=\"768\" height=\"576\" \/><\/div>\n<\/div>\n<\/div>\n<\/div>\n<\/div>\n<\/div>\n<div id=\"content-core\">\n<div id=\"parent-fieldname-text\" class=\"\">\n<div>\n<p><strong>Bras\u00edlia\/DF.<\/strong><b>\u00a0<\/b>A Pol\u00edcia Federal inicia na \u00faltima ter\u00e7a-feira (18\/06), em conjunto com a Secretaria Nacional Antidrogas do Paraguai (SENAD\/PY) e com o apoio da For\u00e7a Tarefa Conjunta e do Minist\u00e9rio P\u00fablico Paraguaio, a 45\u00aa fase da Opera\u00e7\u00e3o Nova Alian\u00e7a\u00a0o maior operativo policial de erradica\u00e7\u00e3o de plantios il\u00edcitos de c<em>annabis<\/em><em>\u00a0do planeta<\/em>.<\/p>\n<p>Dados da UNODC indicam que anualmente, em m\u00e9dia, aproximadamente 5.000 toneladas de\u00a0<i>Cannabis<\/i>\u00a0s\u00e3o apreendidas no mundo atrav\u00e9s de 1.000.000 de opera\u00e7\u00f5es policiais. A Nova Alian\u00e7a alcan\u00e7a n\u00fameros semelhantes a cada seis opera\u00e7\u00f5es realizadas.<\/p>\n<p>A presente etapa \u00e9 a quarta realizada em 2024 e j\u00e1 erradicou mais de 2.800 toneladas de maconha no ano, quantidade que deixou de abastecer o tr\u00e1fico internacional de drogas, desarticulando complexos esquemas de envio do entorpecente ao Brasil e descapitalizando as organiza\u00e7\u00f5es criminosas envolvidas.<\/p>\n<p>A atua\u00e7\u00e3o na origem gera relevante economia no que seria investido na etapa investigativa, na fase judicial, na manuten\u00e7\u00e3o de pres\u00eddios e, por fim, no sistema de sa\u00fade p\u00fablica de ambos os pa\u00edses, al\u00e9m de impactar de maneira significativa as estruturas que s\u00e3o atualmente lideradas pelas maiores fac\u00e7\u00f5es criminosas brasileiras, e usam o tr\u00e1fico de drogas como fonte de capitaliza\u00e7\u00e3o para posterior financiamento de outros crimes conexos, como o tr\u00e1fico internacional de armas.<\/p>\n<p><i>Coordena\u00e7\u00e3o-Geral de Comunica\u00e7\u00e3o Social<\/i><\/p>\n<div class=\"swiper-wrapper\">\n<div class=\"swiper-slide\">\n<div class=\"swiper-player aspect-16-9\">\n<div class=\"swiper-image-wrapper\"><img decoding=\"async\" loading=\"lazy\" class=\"aligncenter\" src=\"https:\/\/www.gov.br\/pf\/pt-br\/assuntos\/noticias\/2024\/06\/pf-e-senad-iniciam-a-45a-fase-da-operacao-nova-alianca\/na5.jpg\/@@images\/0d1db741-4b9c-46b7-9fa5-3e335bde27a8.jpeg\" alt=\"na5.jpg\" width=\"768\" height=\"576\" \/><\/div>\n<\/div>\n<div class=\"swiper-description\"><\/div>\n<\/div>\n<div class=\"swiper-slide\">\n<div class=\"swiper-player aspect-16-9\">\n<div class=\"swiper-image-wrapper\"><img decoding=\"async\" loading=\"lazy\" class=\"aligncenter\" src=\"https:\/\/www.gov.br\/pf\/pt-br\/assuntos\/noticias\/2024\/06\/pf-e-senad-iniciam-a-45a-fase-da-operacao-nova-alianca\/na4.jpg\/@@images\/1e259720-36cb-45a0-b6f1-d38d60b813c7.jpeg\" alt=\"na4.jpg\" width=\"768\" height=\"576\" \/><\/div>\n<\/div>\n<div class=\"swiper-description\"><\/div>\n<\/div>\n<div class=\"swiper-slide\">\n<div class=\"swiper-player aspect-16-9\">\n<div class=\"swiper-image-wrapper\"><img decoding=\"async\" loading=\"lazy\" class=\"aligncenter\" src=\"https:\/\/www.gov.br\/pf\/pt-br\/assuntos\/noticias\/2024\/06\/pf-e-senad-iniciam-a-45a-fase-da-operacao-nova-alianca\/na7.jpg\/@@images\/aba1c906-841e-45dd-8ccb-1b48075f9c80.jpeg\" alt=\"na7.jpg\" width=\"768\" height=\"576\" \/><\/div>\n<\/div>\n<div class=\"swiper-description\"><\/div>\n<\/div>\n<div class=\"swiper-slide\">\n<div class=\"swiper-player aspect-16-9\">\n<div class=\"swiper-image-wrapper\"><img decoding=\"async\" loading=\"lazy\" class=\"aligncenter\" src=\"https:\/\/www.gov.br\/pf\/pt-br\/assuntos\/noticias\/2024\/06\/pf-e-senad-iniciam-a-45a-fase-da-operacao-nova-alianca\/na6.jpg\/@@images\/b35be661-afab-48b6-8732-336a4b692e52.jpeg\" alt=\"na6..jpg\" width=\"768\" height=\"576\" \/><\/div>\n<\/div>\n<div class=\"swiper-description\"><\/div>\n<\/div>\n<div class=\"swiper-slide\">\n<div class=\"swiper-player aspect-16-9\">\n<div class=\"swiper-image-wrapper\"><img decoding=\"async\" loading=\"lazy\" class=\"aligncenter\" src=\"https:\/\/www.gov.br\/pf\/pt-br\/assuntos\/noticias\/2024\/06\/pf-e-senad-iniciam-a-45a-fase-da-operacao-nova-alianca\/na3.jpg\/@@images\/136a08b7-a67b-48e1-aabe-02cc6455bcd5.jpeg\" alt=\"na3.jpg\" width=\"768\" height=\"345\" \/><\/div>\n<\/div>\n<div class=\"swiper-description\"><\/div>\n<\/div>\n<div class=\"swiper-slide\">\n<div class=\"swiper-player aspect-16-9\">\n<div class=\"swiper-image-wrapper\"><img decoding=\"async\" loading=\"lazy\" class=\"aligncenter\" src=\"https:\/\/www.gov.br\/pf\/pt-br\/assuntos\/noticias\/2024\/06\/pf-e-senad-iniciam-a-45a-fase-da-operacao-nova-alianca\/na2.jpg\/@@images\/b8bf5cdb-c6ea-4cc4-aaeb-cee78d7fc4d2.jpeg\" alt=\"na2.jpg\" width=\"768\" height=\"345\" \/><\/div>\n<\/div>\n<div class=\"swiper-description\"><\/div>\n<\/div>\n<div class=\"swiper-slide swiper-slide-prev\">\n<div class=\"swiper-player aspect-16-9\">\n<div class=\"swiper-image-wrapper\"><img decoding=\"async\" loading=\"lazy\" class=\"aligncenter\" src=\"https:\/\/www.gov.br\/pf\/pt-br\/assuntos\/noticias\/2024\/06\/pf-e-senad-iniciam-a-45a-fase-da-operacao-nova-alianca\/na1.jpg\/@@images\/5cf0ce96-efa3-4537-b7b3-2375337fa2c4.jpeg\" alt=\"na1.jpg\" width=\"768\" height=\"345\" \/><\/div>\n<\/div>\n<div class=\"swiper-description\"><\/div>\n<\/div>\n<div class=\"swiper-slide swiper-slide-active\">\n<div class=\"swiper-player aspect-16-9\">\n<div class=\"swiper-image-wrapper\"><img decoding=\"async\" loading=\"lazy\" class=\"aligncenter\" src=\"https:\/\/www.gov.br\/pf\/pt-br\/assuntos\/noticias\/2024\/06\/pf-e-senad-iniciam-a-45a-fase-da-operacao-nova-alianca\/na2006.jpg\/@@images\/41e12efb-f4af-4845-b2db-a0fb01daa760.jpeg\" alt=\"na2006.jpg\" width=\"768\" height=\"345\" \/><\/div>\n<\/div>\n<div class=\"swiper-description\"><\/div>\n<\/div>\n<\/div>\n<div class=\"swiper-button-next swiper-button-white swiper-button-disabled\"><\/div>\n<div class=\"swiper-button-prev swiper-button-white\"><\/div>\n<div class=\"swiper-pagination swiper-pagination-clickable swiper-pagination-bullets\"><\/div>\n<\/div>\n<\/div>\n<\/div>\n","protected":false},"excerpt":{"rendered":"<p>A\u00e7\u00e3o d\u00e1 continuidade \u00e0 estrat\u00e9gia de atacar o tr\u00e1fico de drogas na origem e descapitalizar as organiza\u00e7\u00f5es criminosas envolvidas. Bras\u00edlia\/DF.\u00a0A Pol\u00edcia Federal inicia na \u00faltima ter\u00e7a-feira (18\/06), em conjunto com a Secretaria Nacional Antidrogas do Paraguai (SENAD\/PY) e com o apoio da For\u00e7a Tarefa Conjunta e do Minist\u00e9rio P\u00fablico Paraguaio, a 45\u00aa fase da Opera\u00e7\u00e3o [&hellip;]<\/p>\n","protected":false},"author":1,"featured_media":132415,"comment_status":"closed","ping_status":"closed","sticky":false,"template":"","format":"standard","meta":[],"categories":[3],"tags":[],"_links":{"self":[{"href":"http:\/\/blitzconquista.com.br\/index.php?rest_route=\/wp\/v2\/posts\/132413"}],"collection":[{"href":"http:\/\/blitzconquista.com.br\/index.php?rest_route=\/wp\/v2\/posts"}],"about":[{"href":"http:\/\/blitzconquista.com.br\/index.php?rest_route=\/wp\/v2\/types\/post"}],"author":[{"embeddable":true,"href":"http:\/\/blitzconquista.com.br\/index.php?rest_route=\/wp\/v2\/users\/1"}],"replies":[{"embeddable":true,"href":"http:\/\/blitzconquista.com.br\/index.php?rest_route=%2Fwp%2Fv2%2Fcomments&post=132413"}],"version-history":[{"count":1,"href":"http:\/\/blitzconquista.com.br\/index.php?rest_route=\/wp\/v2\/posts\/132413\/revisions"}],"predecessor-version":[{"id":132416,"href":"http:\/\/blitzconquista.com.br\/index.php?rest_route=\/wp\/v2\/posts\/132413\/revisions\/132416"}],"wp:featuredmedia":[{"embeddable":true,"href":"http:\/\/blitzconquista.com.br\/index.php?rest_route=\/wp\/v2\/media\/132415"}],"wp:attachment":[{"href":"http:\/\/blitzconquista.com.br\/index.php?rest_route=%2Fwp%2Fv2%2Fmedia&parent=132413"}],"wp:term":[{"taxonomy":"category","embeddable":true,"href":"http:\/\/blitzconquista.com.br\/index.php?rest_route=%2Fwp%2Fv2%2Fcategories&post=132413"},{"taxonomy":"post_tag","embeddable":true,"href":"http:\/\/blitzconquista.com.br\/index.php?rest_route=%2Fwp%2Fv2%2Ftags&post=132413"}],"curies":[{"name":"wp","href":"https:\/\/api.w.org\/{rel}","templated":true}]}}