{"id":133658,"date":"2024-09-10T08:26:54","date_gmt":"2024-09-10T11:26:54","guid":{"rendered":"http:\/\/blitzconquista.com.br\/?p=133658"},"modified":"2024-09-10T08:26:54","modified_gmt":"2024-09-10T11:26:54","slug":"capitao-da-policia-militar-morre-em-acidente-de-carro-na-br-116","status":"publish","type":"post","link":"http:\/\/blitzconquista.com.br\/?p=133658","title":{"rendered":"Capit\u00e3o da Pol\u00edcia Militar morre em acidente de carro na BR-116"},"content":{"rendered":"<div class=\"entry-content\">\n<p><a href=\"https:\/\/vinnypublicidade.com.br\/wp-content\/uploads\/2024\/09\/capitao-policia-militar-br116-09092024-vinny-publicidade.jpg\" data-slb-active=\"1\" data-slb-asset=\"2962018229\" data-slb-internal=\"0\" data-slb-group=\"44351\"><br \/>\n<img decoding=\"async\" loading=\"lazy\" class=\"aligncenter size-medium wp-image-44352\" src=\"https:\/\/vinnypublicidade.com.br\/wp-content\/uploads\/2024\/09\/capitao-policia-militar-br116-09092024-vinny-publicidade-567x340.jpg\" sizes=\"(max-width: 567px) 100vw, 567px\" srcset=\"https:\/\/vinnypublicidade.com.br\/wp-content\/uploads\/2024\/09\/capitao-policia-militar-br116-09092024-vinny-publicidade-567x340.jpg 567w, https:\/\/vinnypublicidade.com.br\/wp-content\/uploads\/2024\/09\/capitao-policia-militar-br116-09092024-vinny-publicidade.jpg 750w\" alt=\"Capit\u00e3o da Pol\u00edcia Militar morre em acidente de carro na BR-116\" width=\"567\" height=\"340\" \/><\/a>Um grave acidente \u00e0s 6h da manh\u00e3 desta segunda-feira, 09 de setembro, na BR-116, \u00e1rea urbana do munic\u00edpio de <a href=\"https:\/\/vinnypublicidade.com.br\/?s=Manoel+Vitorino\">Manoel Vitorino<\/a> terminou com a morte de um capit\u00e3o da <a href=\"https:\/\/vinnypublicidade.com.br\/?s=Pol\u00edcia+Militar\">Pol\u00edcia Militar<\/a> que trabalhava em <a href=\"https:\/\/vinnypublicidade.com.br\/?s=Po\u00e7\u00f5es\">Po\u00e7\u00f5es<\/a>, no <a href=\"https:\/\/vinnypublicidade.com.br\/?s=Sudoeste+da+Bahia\">Sudoeste da Bahia<\/a>.<br \/>\nA v\u00edtima identificada como Clodoaldo Domingues de Oliveira Neto, 44 anos era natural de Ipia\u00fa e seguia em um ve\u00edculo de passeio para a terra do Divino, quando colidiu frontalmente com um caminh\u00e3o que transportava botij\u00e3o de g\u00e1s, no Km 710 da Rodovia Santos Dumont.<br \/>\nCapit\u00e3o Neto foi socorrido para o Hospital Geral Prado Valadares, por\u00e9m, n\u00e3o resistiu e faleceu. O autom\u00f3vel foi encaminhado para o p\u00e1tio da Pol\u00edcia Rodovi\u00e1ria Federal e o caminh\u00e3o ficou no local. O fluxo de ve\u00edculo segue normalmente.<br \/>\nA institui\u00e7\u00e3o est\u00e1 de luto e lamenta profundamente a morte do combatente que era lotado 79\u00aa Companhia Independente de Pol\u00edcia Militar (CIPM) de Po\u00e7\u00f5es e fazia parte da corpora\u00e7\u00e3o h\u00e1 13 anos. Capit\u00e3o Oliveira Neto deixa um filho.<\/p>\n<p>Mat\u00e9ria publicada inicialmente no site <a href=\"https:\/\/vinnypublicidade.com.br\/2024\/09\/09\/capitao-da-policia-militar-morre-em-acidente-de-carro-na-br-116\/\">vinnypublicidade.com.br<\/a><\/p>\n<\/div>\n","protected":false},"excerpt":{"rendered":"<p>Um grave acidente \u00e0s 6h da manh\u00e3 desta segunda-feira, 09 de setembro, na BR-116, \u00e1rea urbana do munic\u00edpio de Manoel Vitorino terminou com a morte de um capit\u00e3o da Pol\u00edcia Militar que trabalhava em Po\u00e7\u00f5es, no Sudoeste da Bahia. A v\u00edtima identificada como Clodoaldo Domingues de Oliveira Neto, 44 anos era natural de Ipia\u00fa e [&hellip;]<\/p>\n","protected":false},"author":1,"featured_media":133660,"comment_status":"closed","ping_status":"closed","sticky":false,"template":"","format":"standard","meta":[],"categories":[212,3],"tags":[],"_links":{"self":[{"href":"http:\/\/blitzconquista.com.br\/index.php?rest_route=\/wp\/v2\/posts\/133658"}],"collection":[{"href":"http:\/\/blitzconquista.com.br\/index.php?rest_route=\/wp\/v2\/posts"}],"about":[{"href":"http:\/\/blitzconquista.com.br\/index.php?rest_route=\/wp\/v2\/types\/post"}],"author":[{"embeddable":true,"href":"http:\/\/blitzconquista.com.br\/index.php?rest_route=\/wp\/v2\/users\/1"}],"replies":[{"embeddable":true,"href":"http:\/\/blitzconquista.com.br\/index.php?rest_route=%2Fwp%2Fv2%2Fcomments&post=133658"}],"version-history":[{"count":1,"href":"http:\/\/blitzconquista.com.br\/index.php?rest_route=\/wp\/v2\/posts\/133658\/revisions"}],"predecessor-version":[{"id":133661,"href":"http:\/\/blitzconquista.com.br\/index.php?rest_route=\/wp\/v2\/posts\/133658\/revisions\/133661"}],"wp:featuredmedia":[{"embeddable":true,"href":"http:\/\/blitzconquista.com.br\/index.php?rest_route=\/wp\/v2\/media\/133660"}],"wp:attachment":[{"href":"http:\/\/blitzconquista.com.br\/index.php?rest_route=%2Fwp%2Fv2%2Fmedia&parent=133658"}],"wp:term":[{"taxonomy":"category","embeddable":true,"href":"http:\/\/blitzconquista.com.br\/index.php?rest_route=%2Fwp%2Fv2%2Fcategories&post=133658"},{"taxonomy":"post_tag","embeddable":true,"href":"http:\/\/blitzconquista.com.br\/index.php?rest_route=%2Fwp%2Fv2%2Ftags&post=133658"}],"curies":[{"name":"wp","href":"https:\/\/api.w.org\/{rel}","templated":true}]}}