{"id":134515,"date":"2024-11-27T00:07:51","date_gmt":"2024-11-27T03:07:51","guid":{"rendered":"http:\/\/blitzconquista.com.br\/?p=134515"},"modified":"2024-11-27T00:07:51","modified_gmt":"2024-11-27T03:07:51","slug":"supremo-envia-investigacao-sobre-tentativa-de-golpe-de-estado-a-pgr","status":"publish","type":"post","link":"http:\/\/blitzconquista.com.br\/?p=134515","title":{"rendered":"Supremo envia investiga\u00e7\u00e3o sobre tentativa de golpe de Estado \u00e0 PGR"},"content":{"rendered":"<div class=\"noticia-resumo m-b-24\">\n<h3 style=\"text-align: center;\">Provid\u00eancia foi adotada pelo ministro Alexandre de Moraes, que tamb\u00e9m retirou o sigilo dos autos.<img decoding=\"async\" class=\"aligncenter\" src=\"https:\/\/noticias-stf-wp-prd.s3.sa-east-1.amazonaws.com\/wp-content\/uploads\/wpallimport\/uploads\/2024\/07\/08181150\/Fachada-com-estatua.jpg\" alt=\"Fachada do edif\u00edcio-sede do STF com est\u00e1tua da Justi\u00e7a em primeiro plano\" data-first-enter-image=\"true\" \/>Foto: Divulga\u00e7\u00e3o\/STF<\/h3>\n<\/div>\n<div class=\"noticia-conteudo conteudo-iframe p-l-8 p-r-8 m-t-16\">\n<p>O ministro Alexandre de Moraes, do Supremo Tribunal Federal (STF), retirou o sigilo da investiga\u00e7\u00e3o sobre tentativa de golpe de Estado e de aboli\u00e7\u00e3o violenta do Estado Democr\u00e1tico de Direito e determinou o encaminhamento do relat\u00f3rio final da Pol\u00edcia Federal \u00e0 Procuradoria-Geral da Rep\u00fablica (PGR). A decis\u00e3o do ministro foi tomada na Peti\u00e7\u00e3o (Pet) 12100.<\/p>\n<p>Em suas conclus\u00f5es, a PF indiciou 37 pessoas e apontou a exist\u00eancia de grupo criminoso, com atua\u00e7\u00e3o por meio de n\u00facleos, que teria adotado medidas para desacreditar o processo eleitoral, planejar e executar um golpe de Estado e abolir o Estado Democr\u00e1tico de Direito, \u201ccom a finalidade de manuten\u00e7\u00e3o e perman\u00eancia de seu grupo no poder\u201d.<\/p>\n<p>Ao encaminhar os autos \u00e0 PGR, o ministrou explicou que, no sistema judicial brasileiro, o Minist\u00e9rio P\u00fablico (MP) \u00e9 o titular da a\u00e7\u00e3o penal nos crimes de a\u00e7\u00e3o penal p\u00fablica (que \u00e9 a hip\u00f3tese no caso). Assim, compete ao MP, \u201cexclusivamente, decidir pelo oferecimento de den\u00fancia ou solicita\u00e7\u00e3o de arquivamento do inqu\u00e9rito ou pe\u00e7as de informa\u00e7\u00e3o\u201d.<\/p>\n<p>Em rela\u00e7\u00e3o \u00e0 publicidade dos autos, o ministro considerou que n\u00e3o h\u00e1 necessidade de manuten\u00e7\u00e3o do sigilo, uma vez que foi apresentado o relat\u00f3rio final e foram cumpridas todas medidas e dilig\u00eancias requeridas pela PF.<\/p>\n<p>Ele manteve, no entanto, o sigilo da Pet 11767, que trata do acordo de colabora\u00e7\u00e3o premiada do tenente-coronel e ex-ajudante de ordens da Presid\u00eancia da Rep\u00fablica Mauro Cid. Nesse caso, a medida foi tomada em raz\u00e3o da exist\u00eancia de dilig\u00eancias em curso e outras em fase de delibera\u00e7\u00e3o.<\/p>\n<p>Veja a\u00a0<a href=\"https:\/\/noticias-stf-wp-prd.s3.sa-east-1.amazonaws.com\/wp-content\/uploads\/wpallimport\/uploads\/2024\/11\/26155702\/Pet-12100-relatorio-final-1.pdf\" target=\"_blank\" rel=\"noreferrer noopener\" data-type=\"URL\" data-id=\"https:\/\/noticias-stf-wp-prd.s3.sa-east-1.amazonaws.com\/wp-content\/uploads\/wpallimport\/uploads\/2024\/11\/26155702\/Pet-12100-relatorio-final-1.pdf\">\u00edntegra da decis\u00e3o que retirou o sigilo<\/a>.<\/p>\n<p>Veja a\u00a0<a href=\"https:\/\/noticias-stf-wp-prd.s3.sa-east-1.amazonaws.com\/wp-content\/uploads\/wpallimport\/uploads\/2024\/11\/26160436\/Relatorio-Final-PF-Site-2024-1.pdf\" target=\"_blank\" rel=\"noreferrer noopener\" data-type=\"URL\" data-id=\"https:\/\/noticias-stf-wp-prd.s3.sa-east-1.amazonaws.com\/wp-content\/uploads\/wpallimport\/uploads\/2024\/11\/26160436\/Relatorio-Final-PF-Site-2024-1.pdf\">\u00edntegra do relat\u00f3rio final da Pol\u00edcia Federal<\/a>.<\/p>\n<p class=\"has-small-font-size\">(Allan Diego Melo\/\/MO)<\/p>\n<\/div>\n","protected":false},"excerpt":{"rendered":"<p>Provid\u00eancia foi adotada pelo ministro Alexandre de Moraes, que tamb\u00e9m retirou o sigilo dos autos.Foto: Divulga\u00e7\u00e3o\/STF O ministro Alexandre de Moraes, do Supremo Tribunal Federal (STF), retirou o sigilo da investiga\u00e7\u00e3o sobre tentativa de golpe de Estado e de aboli\u00e7\u00e3o violenta do Estado Democr\u00e1tico de Direito e determinou o encaminhamento do relat\u00f3rio final da Pol\u00edcia [&hellip;]<\/p>\n","protected":false},"author":1,"featured_media":134517,"comment_status":"closed","ping_status":"closed","sticky":false,"template":"","format":"standard","meta":[],"categories":[478,212],"tags":[],"_links":{"self":[{"href":"http:\/\/blitzconquista.com.br\/index.php?rest_route=\/wp\/v2\/posts\/134515"}],"collection":[{"href":"http:\/\/blitzconquista.com.br\/index.php?rest_route=\/wp\/v2\/posts"}],"about":[{"href":"http:\/\/blitzconquista.com.br\/index.php?rest_route=\/wp\/v2\/types\/post"}],"author":[{"embeddable":true,"href":"http:\/\/blitzconquista.com.br\/index.php?rest_route=\/wp\/v2\/users\/1"}],"replies":[{"embeddable":true,"href":"http:\/\/blitzconquista.com.br\/index.php?rest_route=%2Fwp%2Fv2%2Fcomments&post=134515"}],"version-history":[{"count":1,"href":"http:\/\/blitzconquista.com.br\/index.php?rest_route=\/wp\/v2\/posts\/134515\/revisions"}],"predecessor-version":[{"id":134518,"href":"http:\/\/blitzconquista.com.br\/index.php?rest_route=\/wp\/v2\/posts\/134515\/revisions\/134518"}],"wp:featuredmedia":[{"embeddable":true,"href":"http:\/\/blitzconquista.com.br\/index.php?rest_route=\/wp\/v2\/media\/134517"}],"wp:attachment":[{"href":"http:\/\/blitzconquista.com.br\/index.php?rest_route=%2Fwp%2Fv2%2Fmedia&parent=134515"}],"wp:term":[{"taxonomy":"category","embeddable":true,"href":"http:\/\/blitzconquista.com.br\/index.php?rest_route=%2Fwp%2Fv2%2Fcategories&post=134515"},{"taxonomy":"post_tag","embeddable":true,"href":"http:\/\/blitzconquista.com.br\/index.php?rest_route=%2Fwp%2Fv2%2Ftags&post=134515"}],"curies":[{"name":"wp","href":"https:\/\/api.w.org\/{rel}","templated":true}]}}