{"id":134684,"date":"2024-12-08T23:43:48","date_gmt":"2024-12-09T02:43:48","guid":{"rendered":"http:\/\/blitzconquista.com.br\/?p=134684"},"modified":"2024-12-08T23:43:48","modified_gmt":"2024-12-09T02:43:48","slug":"carreta-com-leite-em-po-pega-fogo-na-br-116-trecho-de-pocoes-fica-congestionado","status":"publish","type":"post","link":"http:\/\/blitzconquista.com.br\/?p=134684","title":{"rendered":"Carreta com leite em p\u00f3 pega fogo na BR-116. Trecho de Po\u00e7\u00f5es fica congestionado"},"content":{"rendered":"<div class=\"entry-content\">\n<figure id=\"attachment_134686\" aria-describedby=\"caption-attachment-134686\" style=\"width: 550px\" class=\"wp-caption aligncenter\"><img decoding=\"async\" loading=\"lazy\" class=\"wp-image-134686 size-full\" src=\"http:\/\/blitzconquista.com.br\/wp-content\/uploads\/2024\/12\/baixados.jpeg\" alt=\"\" width=\"550\" height=\"330\" srcset=\"http:\/\/blitzconquista.com.br\/wp-content\/uploads\/2024\/12\/baixados.jpeg 550w, http:\/\/blitzconquista.com.br\/wp-content\/uploads\/2024\/12\/baixados-300x180.jpeg 300w\" sizes=\"(max-width: 550px) 100vw, 550px\" \/><figcaption id=\"caption-attachment-134686\" class=\"wp-caption-text\">Imagem: Blog do Rodrigo Ferraz<\/figcaption><\/figure>\n<p>Na manh\u00e3 deste domingo (8) na BR-116, pr\u00f3ximo ao munic\u00edpio de Po\u00e7\u00f5es, uma carreta com carga de leite em p\u00f3 pegou fogo provocando grande congestionamento.<\/p>\n<p>Os bombeiros foram acionados para conter as chamas que amea\u00e7avam atingir outros ve\u00edculos. Nas primeiras horas n\u00e3o havia informa\u00e7\u00f5es sobre o condutor do ve\u00edculo nem sobre as poss\u00edveis causas do inc\u00eandio.<\/p>\n<p>A Pol\u00edcia Rodovi\u00e1ria Federal (PRF) esteve no local para controlar o tr\u00e2nsito e orientar os motoristas. Devido ao acidente, o tr\u00e1fego de ve\u00edculos apresentava lentid\u00e3o. As autoridades competentes investigavam as causas do inc\u00eandio e trabalhavam para liberar a pista.<\/p>\n<\/div>\n","protected":false},"excerpt":{"rendered":"<p>Na manh\u00e3 deste domingo (8) na BR-116, pr\u00f3ximo ao munic\u00edpio de Po\u00e7\u00f5es, uma carreta com carga de leite em p\u00f3 pegou fogo provocando grande congestionamento. Os bombeiros foram acionados para conter as chamas que amea\u00e7avam atingir outros ve\u00edculos. Nas primeiras horas n\u00e3o havia informa\u00e7\u00f5es sobre o condutor do ve\u00edculo nem sobre as poss\u00edveis causas do [&hellip;]<\/p>\n","protected":false},"author":1,"featured_media":134686,"comment_status":"closed","ping_status":"closed","sticky":false,"template":"","format":"standard","meta":[],"categories":[7],"tags":[],"_links":{"self":[{"href":"http:\/\/blitzconquista.com.br\/index.php?rest_route=\/wp\/v2\/posts\/134684"}],"collection":[{"href":"http:\/\/blitzconquista.com.br\/index.php?rest_route=\/wp\/v2\/posts"}],"about":[{"href":"http:\/\/blitzconquista.com.br\/index.php?rest_route=\/wp\/v2\/types\/post"}],"author":[{"embeddable":true,"href":"http:\/\/blitzconquista.com.br\/index.php?rest_route=\/wp\/v2\/users\/1"}],"replies":[{"embeddable":true,"href":"http:\/\/blitzconquista.com.br\/index.php?rest_route=%2Fwp%2Fv2%2Fcomments&post=134684"}],"version-history":[{"count":1,"href":"http:\/\/blitzconquista.com.br\/index.php?rest_route=\/wp\/v2\/posts\/134684\/revisions"}],"predecessor-version":[{"id":134687,"href":"http:\/\/blitzconquista.com.br\/index.php?rest_route=\/wp\/v2\/posts\/134684\/revisions\/134687"}],"wp:featuredmedia":[{"embeddable":true,"href":"http:\/\/blitzconquista.com.br\/index.php?rest_route=\/wp\/v2\/media\/134686"}],"wp:attachment":[{"href":"http:\/\/blitzconquista.com.br\/index.php?rest_route=%2Fwp%2Fv2%2Fmedia&parent=134684"}],"wp:term":[{"taxonomy":"category","embeddable":true,"href":"http:\/\/blitzconquista.com.br\/index.php?rest_route=%2Fwp%2Fv2%2Fcategories&post=134684"},{"taxonomy":"post_tag","embeddable":true,"href":"http:\/\/blitzconquista.com.br\/index.php?rest_route=%2Fwp%2Fv2%2Ftags&post=134684"}],"curies":[{"name":"wp","href":"https:\/\/api.w.org\/{rel}","templated":true}]}}