{"id":134746,"date":"2024-12-10T23:53:36","date_gmt":"2024-12-11T02:53:36","guid":{"rendered":"http:\/\/blitzconquista.com.br\/?p=134746"},"modified":"2024-12-10T23:53:36","modified_gmt":"2024-12-11T02:53:36","slug":"comercio-funciona-em-horario-estendido-a-partir-desta-segunda-feira-em-vitoria-da-conquista","status":"publish","type":"post","link":"http:\/\/blitzconquista.com.br\/?p=134746","title":{"rendered":"Com\u00e9rcio funciona em hor\u00e1rio estendido a partir desta segunda-feira em Vit\u00f3ria da Conquista"},"content":{"rendered":"<p><img decoding=\"async\" loading=\"lazy\" class=\"aligncenter size-large wp-image-134748\" src=\"http:\/\/blitzconquista.com.br\/wp-content\/uploads\/2024\/12\/vitoria-da-conquista-894x515-1-695x400.jpg\" alt=\"\" width=\"695\" height=\"400\" srcset=\"http:\/\/blitzconquista.com.br\/wp-content\/uploads\/2024\/12\/vitoria-da-conquista-894x515-1-695x400.jpg 695w, http:\/\/blitzconquista.com.br\/wp-content\/uploads\/2024\/12\/vitoria-da-conquista-894x515-1-300x173.jpg 300w, http:\/\/blitzconquista.com.br\/wp-content\/uploads\/2024\/12\/vitoria-da-conquista-894x515-1-768x442.jpg 768w, http:\/\/blitzconquista.com.br\/wp-content\/uploads\/2024\/12\/vitoria-da-conquista-894x515-1.jpg 894w\" sizes=\"(max-width: 695px) 100vw, 695px\" \/><\/p>\n<p>O com\u00e9rcio de Vit\u00f3ria da Conquista come\u00e7ou a estender o hor\u00e1rio de funcionamento com o in\u00edcio do m\u00eas de dezembro, atendendo \u00e0 demanda crescente por compras durante o per\u00edodo natalino.<\/p>\n<p>De acordo com a programa\u00e7\u00e3o divulgada pelo Sincom\u00e9rcio Vit\u00f3ria da Conquista, as lojas ter\u00e3o dias de funcionamento prolongado e trabalhar\u00e3o aos domingos para facilitar o acesso dos consumidores.<\/p>\n<p>A partir desta segunda-feira, 2 de dezembro, at\u00e9 a sexta-feira (6), as lojas estar\u00e3o abertas de segunda a sexta-feira, das 8h \u00e0s 19h. J\u00e1 nos s\u00e1bados (7 e 14), o hor\u00e1rio de atendimento ser\u00e1 das 8h \u00e0s 14h e das 8h \u00e0s 17h, respectivamente. De 9 a 13, as lojas estender\u00e3o o hor\u00e1rio at\u00e9 \u00e0s 20h e de 16 a 20, das 8h \u00e0s 21h.<\/p>\n<p>Os domingos de 15 e 22 ter\u00e3o funcionamento especial, com lojas abertas das 9h \u00e0s 15h, e no dia 21 (s\u00e1bado), o atendimento se estende das 8h \u00e0s 16h. Na segunda-feira, dia 23, as portas ficar\u00e3o abertas das 8h \u00e0s 21h, e na v\u00e9spera de Natal, dia 24, as lojas abrir\u00e3o das 8h \u00e0s 17h, enquanto no dia 25, feriado de Natal, o com\u00e9rcio estar\u00e1 fechado.<\/p>\n<p>Ap\u00f3s o Natal, o funcionamento retoma hor\u00e1rios estendidos nos dias 30 e 31 de dezembro, com encerramento \u00e0s 19h e 18h, respectivamente.<\/p>\n<p>(Reda\u00e7\u00e3o Brasil)<\/p>\n","protected":false},"excerpt":{"rendered":"<p>O com\u00e9rcio de Vit\u00f3ria da Conquista come\u00e7ou a estender o hor\u00e1rio de funcionamento com o in\u00edcio do m\u00eas de dezembro, atendendo \u00e0 demanda crescente por compras durante o per\u00edodo natalino. De acordo com a programa\u00e7\u00e3o divulgada pelo Sincom\u00e9rcio Vit\u00f3ria da Conquista, as lojas ter\u00e3o dias de funcionamento prolongado e trabalhar\u00e3o aos domingos para facilitar o [&hellip;]<\/p>\n","protected":false},"author":1,"featured_media":134748,"comment_status":"closed","ping_status":"closed","sticky":false,"template":"","format":"standard","meta":[],"categories":[4],"tags":[],"_links":{"self":[{"href":"http:\/\/blitzconquista.com.br\/index.php?rest_route=\/wp\/v2\/posts\/134746"}],"collection":[{"href":"http:\/\/blitzconquista.com.br\/index.php?rest_route=\/wp\/v2\/posts"}],"about":[{"href":"http:\/\/blitzconquista.com.br\/index.php?rest_route=\/wp\/v2\/types\/post"}],"author":[{"embeddable":true,"href":"http:\/\/blitzconquista.com.br\/index.php?rest_route=\/wp\/v2\/users\/1"}],"replies":[{"embeddable":true,"href":"http:\/\/blitzconquista.com.br\/index.php?rest_route=%2Fwp%2Fv2%2Fcomments&post=134746"}],"version-history":[{"count":1,"href":"http:\/\/blitzconquista.com.br\/index.php?rest_route=\/wp\/v2\/posts\/134746\/revisions"}],"predecessor-version":[{"id":134749,"href":"http:\/\/blitzconquista.com.br\/index.php?rest_route=\/wp\/v2\/posts\/134746\/revisions\/134749"}],"wp:featuredmedia":[{"embeddable":true,"href":"http:\/\/blitzconquista.com.br\/index.php?rest_route=\/wp\/v2\/media\/134748"}],"wp:attachment":[{"href":"http:\/\/blitzconquista.com.br\/index.php?rest_route=%2Fwp%2Fv2%2Fmedia&parent=134746"}],"wp:term":[{"taxonomy":"category","embeddable":true,"href":"http:\/\/blitzconquista.com.br\/index.php?rest_route=%2Fwp%2Fv2%2Fcategories&post=134746"},{"taxonomy":"post_tag","embeddable":true,"href":"http:\/\/blitzconquista.com.br\/index.php?rest_route=%2Fwp%2Fv2%2Ftags&post=134746"}],"curies":[{"name":"wp","href":"https:\/\/api.w.org\/{rel}","templated":true}]}}