{"id":135609,"date":"2025-02-12T08:37:23","date_gmt":"2025-02-12T11:37:23","guid":{"rendered":"http:\/\/blitzconquista.com.br\/?p=135609"},"modified":"2025-02-12T08:40:46","modified_gmt":"2025-02-12T11:40:46","slug":"lula-participa-de-encontro-com-novos-prefeitos-nesta-terca-feira-11","status":"publish","type":"post","link":"http:\/\/blitzconquista.com.br\/?p=135609","title":{"rendered":"Lula participa de encontro com novos prefeitos nesta ter\u00e7a-feira (11)"},"content":{"rendered":"<div class=\"header-noticia fullwidth\">\n<h3 class=\"resumo-da-noticia fullwidth\" style=\"text-align: center;\">Com o tema &#8220;A cidade que queremos est\u00e1 em nossas m\u00e3os&#8221;, a a\u00e7\u00e3o promove e estimula pol\u00edticas p\u00fablicas inovadoras, inclusivas e sustent\u00e1veis. Durante tr\u00eas dias, gestores v\u00e3o ter a oportunidade de ampliar parcerias e investimentos federais nos munic\u00edpios.<\/h3>\n<\/div>\n<div class=\"audio-noticia-container rowflex\">\n<div class=\"info-e-compartilhamento fullwidth rowflex rowflex-full\">\n<div class=\"data-publicacao rowflex\"><\/div>\n<\/div>\n<\/div>\n<div class=\"container-audiodescricao fullwidth\">\n<div class=\"row-nome-programa row-gray rowflex fullwidth\">\n<div class=\"linha\">\n<figure id=\"attachment_135611\" aria-describedby=\"caption-attachment-135611\" style=\"width: 695px\" class=\"wp-caption aligncenter\"><img decoding=\"async\" loading=\"lazy\" class=\"wp-image-135611 size-large\" src=\"http:\/\/blitzconquista.com.br\/wp-content\/uploads\/2025\/02\/img_8881-695x408.webp\" alt=\"\" width=\"695\" height=\"408\" srcset=\"http:\/\/blitzconquista.com.br\/wp-content\/uploads\/2025\/02\/img_8881-695x408.webp 695w, http:\/\/blitzconquista.com.br\/wp-content\/uploads\/2025\/02\/img_8881-300x176.webp 300w, http:\/\/blitzconquista.com.br\/wp-content\/uploads\/2025\/02\/img_8881-768x451.webp 768w, http:\/\/blitzconquista.com.br\/wp-content\/uploads\/2025\/02\/img_8881.webp 770w\" sizes=\"(max-width: 695px) 100vw, 695px\" \/><figcaption id=\"caption-attachment-135611\" class=\"wp-caption-text\">Lula Marques\/Ag\u00eancia Brasil<\/figcaption><\/figure>\n<\/div>\n<\/div>\n<div class=\"texto-audiodescricao\">\n<p>O presidente Luiz In\u00e1cio Lula da Silva participa, nesta ter\u00e7a-feira (11), da solenidade de abertura do Encontro de Novos Prefeitos e Prefeitas, em Bras\u00edlia (DF), no Centro de Conven\u00e7\u00f5es Ulysses Guimar\u00e3es. O evento vai at\u00e9 a pr\u00f3xima quinta-feira (13) e tem como objetivo aproximar as prefeituras dos programas do governo. A expectativa \u00e9 que\u00a020 mil pessoas compare\u00e7am ao local.<\/p>\n<p>Com o tema &#8220;A cidade que queremos est\u00e1 em nossas m\u00e3os&#8221;, a a\u00e7\u00e3o promove e estimula pol\u00edticas p\u00fablicas inovadoras, inclusivas e sustent\u00e1veis.<\/p>\n<p>Durante tr\u00eas dias, os gestores v\u00e3o ter a oportunidade de ampliar parcerias e investimentos federais nos munic\u00edpios. Diversos pain\u00e9is sobre desenvolvimento social, sustentabilidade e inova\u00e7\u00e3o e cidades inteligentes v\u00e3o ser apresentados ao longo da programa\u00e7\u00e3o.<\/p>\n<p>As atividades previstas est\u00e3o alinhadas aos Objetivos de Desenvolvimento Sustent\u00e1vel (ODS) em seis eixos tem\u00e1ticos: Boa Governan\u00e7a, Sistemas Informatizados e Servi\u00e7os, Programa e A\u00e7\u00f5es do Governo Federal, Governan\u00e7a Clim\u00e1tica, Assist\u00eancia T\u00e9cnica \u2013 Transfer\u00eancias Governamentais, Lideran\u00e7as Femininas e Pacto Federativo Brasileiro.<\/p>\n<p>Fonte: Ag\u00eancia R\u00e1dio Gov<\/p>\n<\/div>\n<\/div>\n","protected":false},"excerpt":{"rendered":"<p>Com o tema &#8220;A cidade que queremos est\u00e1 em nossas m\u00e3os&#8221;, a a\u00e7\u00e3o promove e estimula pol\u00edticas p\u00fablicas inovadoras, inclusivas e sustent\u00e1veis. Durante tr\u00eas dias, gestores v\u00e3o ter a oportunidade de ampliar parcerias e investimentos federais nos munic\u00edpios. O presidente Luiz In\u00e1cio Lula da Silva participa, nesta ter\u00e7a-feira (11), da solenidade de abertura do Encontro [&hellip;]<\/p>\n","protected":false},"author":1,"featured_media":135611,"comment_status":"closed","ping_status":"closed","sticky":false,"template":"","format":"standard","meta":[],"categories":[478,212],"tags":[],"_links":{"self":[{"href":"http:\/\/blitzconquista.com.br\/index.php?rest_route=\/wp\/v2\/posts\/135609"}],"collection":[{"href":"http:\/\/blitzconquista.com.br\/index.php?rest_route=\/wp\/v2\/posts"}],"about":[{"href":"http:\/\/blitzconquista.com.br\/index.php?rest_route=\/wp\/v2\/types\/post"}],"author":[{"embeddable":true,"href":"http:\/\/blitzconquista.com.br\/index.php?rest_route=\/wp\/v2\/users\/1"}],"replies":[{"embeddable":true,"href":"http:\/\/blitzconquista.com.br\/index.php?rest_route=%2Fwp%2Fv2%2Fcomments&post=135609"}],"version-history":[{"count":2,"href":"http:\/\/blitzconquista.com.br\/index.php?rest_route=\/wp\/v2\/posts\/135609\/revisions"}],"predecessor-version":[{"id":135613,"href":"http:\/\/blitzconquista.com.br\/index.php?rest_route=\/wp\/v2\/posts\/135609\/revisions\/135613"}],"wp:featuredmedia":[{"embeddable":true,"href":"http:\/\/blitzconquista.com.br\/index.php?rest_route=\/wp\/v2\/media\/135611"}],"wp:attachment":[{"href":"http:\/\/blitzconquista.com.br\/index.php?rest_route=%2Fwp%2Fv2%2Fmedia&parent=135609"}],"wp:term":[{"taxonomy":"category","embeddable":true,"href":"http:\/\/blitzconquista.com.br\/index.php?rest_route=%2Fwp%2Fv2%2Fcategories&post=135609"},{"taxonomy":"post_tag","embeddable":true,"href":"http:\/\/blitzconquista.com.br\/index.php?rest_route=%2Fwp%2Fv2%2Ftags&post=135609"}],"curies":[{"name":"wp","href":"https:\/\/api.w.org\/{rel}","templated":true}]}}