{"id":135697,"date":"2025-02-17T08:44:08","date_gmt":"2025-02-17T11:44:08","guid":{"rendered":"http:\/\/blitzconquista.com.br\/?p=135697"},"modified":"2025-02-17T08:44:08","modified_gmt":"2025-02-17T11:44:08","slug":"homem-ferido-por-arma-branca-morre-e-autor-acaba-preso-apos-ser-agredido-por-populares-em-planalto","status":"publish","type":"post","link":"http:\/\/blitzconquista.com.br\/?p=135697","title":{"rendered":"Homem ferido por arma branca morre e autor acaba preso ap\u00f3s ser agredido por populares em Planalto"},"content":{"rendered":"<figure id=\"attachment_119633\" aria-describedby=\"caption-attachment-119633\" style=\"width: 680px\" class=\"wp-caption aligncenter\"><img decoding=\"async\" loading=\"lazy\" class=\"wp-image-119633 size-full\" src=\"http:\/\/blitzconquista.com.br\/wp-content\/uploads\/2022\/09\/Faca_Violencia_Arma-branca.jpg\" alt=\"\" width=\"680\" height=\"382\" \/><figcaption id=\"caption-attachment-119633\" class=\"wp-caption-text\">Imagem: Ilustra\u00e7\u00e3o<\/figcaption><\/figure>\n<p>Na noite desse s\u00e1bado (15), em Planalto &#8211; BA, a guarni\u00e7\u00e3o da 79\u00aa CIPM foi informada pela central sobre uma briga ocorrida no povoado do Parafuso. A v\u00edtima identificada como Jarbas Barbosa dos Santos, de 18 anos, havia sofrido uma de les\u00e3o por arma branca e socorrida no hospital municipal.<\/p>\n<p>Os policiais deslocaram-se ao pronto-socorro, onde confirmaram o fato. Uma testemunha relatou que a v\u00edtima foi chamada pelo autor, que estava em um bar, e, ao se aproximar, foi golpeado com uma faca na regi\u00e3o do abd\u00f4men, causando-lhe uma les\u00e3o perfurocortante.<\/p>\n<p>Ainda segundo relatos de populares, n\u00e3o houve discuss\u00e3o entre os envolvidos, nem qualquer rixa anterior aparente. Diante disso, a popula\u00e7\u00e3o local, revoltada com a agress\u00e3o, espancou o autor com socos, pontap\u00e9s e tacos de sinuca, deixando-o com v\u00e1rias escoria\u00e7\u00f5es e ferimentos pelo corpo.<\/p>\n<p>Diante disso, a v\u00edtima e o autor foram socorridos por populares e levados ao hospital, em Planalto. Contudo, a v\u00edtima evoluiu a \u00f3bito, enquanto o autor, ap\u00f3s atendimento hospitalar, foi liberado pelo m\u00e9dico plantonista.<\/p>\n<p>Por fim, autor foi preso e conduzido ao DISEP, onde foi lavrado o auto de pris\u00e3o em flagrante por homic\u00eddio.<\/p>\n<p>&nbsp;<\/p>\n<p>Fonte: Ascom &#8211; 79\u00aa CIPM<\/p>\n","protected":false},"excerpt":{"rendered":"<p>Na noite desse s\u00e1bado (15), em Planalto &#8211; BA, a guarni\u00e7\u00e3o da 79\u00aa CIPM foi informada pela central sobre uma briga ocorrida no povoado do Parafuso. A v\u00edtima identificada como Jarbas Barbosa dos Santos, de 18 anos, havia sofrido uma de les\u00e3o por arma branca e socorrida no hospital municipal. Os policiais deslocaram-se ao pronto-socorro, [&hellip;]<\/p>\n","protected":false},"author":1,"featured_media":119633,"comment_status":"closed","ping_status":"closed","sticky":false,"template":"","format":"standard","meta":[],"categories":[212,3],"tags":[],"_links":{"self":[{"href":"http:\/\/blitzconquista.com.br\/index.php?rest_route=\/wp\/v2\/posts\/135697"}],"collection":[{"href":"http:\/\/blitzconquista.com.br\/index.php?rest_route=\/wp\/v2\/posts"}],"about":[{"href":"http:\/\/blitzconquista.com.br\/index.php?rest_route=\/wp\/v2\/types\/post"}],"author":[{"embeddable":true,"href":"http:\/\/blitzconquista.com.br\/index.php?rest_route=\/wp\/v2\/users\/1"}],"replies":[{"embeddable":true,"href":"http:\/\/blitzconquista.com.br\/index.php?rest_route=%2Fwp%2Fv2%2Fcomments&post=135697"}],"version-history":[{"count":1,"href":"http:\/\/blitzconquista.com.br\/index.php?rest_route=\/wp\/v2\/posts\/135697\/revisions"}],"predecessor-version":[{"id":135699,"href":"http:\/\/blitzconquista.com.br\/index.php?rest_route=\/wp\/v2\/posts\/135697\/revisions\/135699"}],"wp:featuredmedia":[{"embeddable":true,"href":"http:\/\/blitzconquista.com.br\/index.php?rest_route=\/wp\/v2\/media\/119633"}],"wp:attachment":[{"href":"http:\/\/blitzconquista.com.br\/index.php?rest_route=%2Fwp%2Fv2%2Fmedia&parent=135697"}],"wp:term":[{"taxonomy":"category","embeddable":true,"href":"http:\/\/blitzconquista.com.br\/index.php?rest_route=%2Fwp%2Fv2%2Fcategories&post=135697"},{"taxonomy":"post_tag","embeddable":true,"href":"http:\/\/blitzconquista.com.br\/index.php?rest_route=%2Fwp%2Fv2%2Ftags&post=135697"}],"curies":[{"name":"wp","href":"https:\/\/api.w.org\/{rel}","templated":true}]}}