{"id":135704,"date":"2025-02-17T10:31:34","date_gmt":"2025-02-17T13:31:34","guid":{"rendered":"http:\/\/blitzconquista.com.br\/?p=135704"},"modified":"2025-02-17T10:31:34","modified_gmt":"2025-02-17T13:31:34","slug":"policia-federal-e-forcas-de-seguranca-capturam-lider-de-organizacao-criminosa-em-olinda-pe","status":"publish","type":"post","link":"http:\/\/blitzconquista.com.br\/?p=135704","title":{"rendered":"Pol\u00edcia Federal e for\u00e7as de seguran\u00e7a capturam l\u00edder de organiza\u00e7\u00e3o criminosa em Olinda\/PE"},"content":{"rendered":"<h3 class=\"documentDescription\" style=\"text-align: center;\">O foragido, acusado de homic\u00eddio e tr\u00e1fico de drogas, foi localizado ap\u00f3s a\u00e7\u00e3o integrada das for\u00e7as de seguran\u00e7a.<\/h3>\n<div id=\"viewlet-above-content-body\">\n<div id=\"media\"><img decoding=\"async\" loading=\"lazy\" class=\"aligncenter\" src=\"https:\/\/www.gov.br\/pf\/pt-br\/assuntos\/noticias\/2025\/02\/policia-federal-e-forcas-de-seguranca-capturam-lider-de-organizacao-criminosa-em-olinda-pe\/whatsapp-image-2025-02-12-at-08-40-35-6.jpeg\/@@images\/7eaa6a2e-95b8-42f8-8be9-472a70f05b0c.jpeg\" alt=\"WhatsApp Image 2025-02-12 at 08.40.35 (6).jpeg\" width=\"768\" height=\"473\" \/><\/div>\n<\/div>\n<div id=\"content-core\">\n<div id=\"parent-fieldname-text\" class=\"\">\n<div>\n<p><strong>Barreiras\/BA.<\/strong>\u00a0Em uma a\u00e7\u00e3o conjunta, a Pol\u00edcia Federal, a Pol\u00edcia Militar da Bahia, a Pol\u00edcia Militar de Pernambuco e a Pol\u00edcia Rodovi\u00e1ria Federal localizaram e prenderam, nesta quinta-feira (13\/2), um foragido acusado de homic\u00eddio e tr\u00e1fico de drogas, considerado uma das principais lideran\u00e7as criminosas atuantes no oeste da Bahia.<\/p>\n<p>Ap\u00f3s o compartilhamento de informa\u00e7\u00f5es entre as for\u00e7as de seguran\u00e7a, equipes do 1\u00ba Batalh\u00e3o de Pol\u00edcia Militar de Pernambuco (1\u00ba BPM\/PMPE) identificaram o ve\u00edculo utilizado pelo suspeito em Olinda\/PE.<\/p>\n<p>Diante da confirma\u00e7\u00e3o da presen\u00e7a do alvo, foi realizada a abordagem e dado cumprimento ao mandado de pris\u00e3o.<\/p>\n<p><b>\u00a0<\/b><\/p>\n<p><em>Comunica\u00e7\u00e3o Social da Pol\u00edcia Federal na Bahia<\/em><\/p>\n<\/div>\n<\/div>\n<\/div>\n","protected":false},"excerpt":{"rendered":"<p>O foragido, acusado de homic\u00eddio e tr\u00e1fico de drogas, foi localizado ap\u00f3s a\u00e7\u00e3o integrada das for\u00e7as de seguran\u00e7a. Barreiras\/BA.\u00a0Em uma a\u00e7\u00e3o conjunta, a Pol\u00edcia Federal, a Pol\u00edcia Militar da Bahia, a Pol\u00edcia Militar de Pernambuco e a Pol\u00edcia Rodovi\u00e1ria Federal localizaram e prenderam, nesta quinta-feira (13\/2), um foragido acusado de homic\u00eddio e tr\u00e1fico de drogas, [&hellip;]<\/p>\n","protected":false},"author":1,"featured_media":135706,"comment_status":"closed","ping_status":"closed","sticky":false,"template":"","format":"standard","meta":[],"categories":[3],"tags":[],"_links":{"self":[{"href":"http:\/\/blitzconquista.com.br\/index.php?rest_route=\/wp\/v2\/posts\/135704"}],"collection":[{"href":"http:\/\/blitzconquista.com.br\/index.php?rest_route=\/wp\/v2\/posts"}],"about":[{"href":"http:\/\/blitzconquista.com.br\/index.php?rest_route=\/wp\/v2\/types\/post"}],"author":[{"embeddable":true,"href":"http:\/\/blitzconquista.com.br\/index.php?rest_route=\/wp\/v2\/users\/1"}],"replies":[{"embeddable":true,"href":"http:\/\/blitzconquista.com.br\/index.php?rest_route=%2Fwp%2Fv2%2Fcomments&post=135704"}],"version-history":[{"count":1,"href":"http:\/\/blitzconquista.com.br\/index.php?rest_route=\/wp\/v2\/posts\/135704\/revisions"}],"predecessor-version":[{"id":135707,"href":"http:\/\/blitzconquista.com.br\/index.php?rest_route=\/wp\/v2\/posts\/135704\/revisions\/135707"}],"wp:featuredmedia":[{"embeddable":true,"href":"http:\/\/blitzconquista.com.br\/index.php?rest_route=\/wp\/v2\/media\/135706"}],"wp:attachment":[{"href":"http:\/\/blitzconquista.com.br\/index.php?rest_route=%2Fwp%2Fv2%2Fmedia&parent=135704"}],"wp:term":[{"taxonomy":"category","embeddable":true,"href":"http:\/\/blitzconquista.com.br\/index.php?rest_route=%2Fwp%2Fv2%2Fcategories&post=135704"},{"taxonomy":"post_tag","embeddable":true,"href":"http:\/\/blitzconquista.com.br\/index.php?rest_route=%2Fwp%2Fv2%2Ftags&post=135704"}],"curies":[{"name":"wp","href":"https:\/\/api.w.org\/{rel}","templated":true}]}}