{"id":136040,"date":"2025-03-13T14:29:41","date_gmt":"2025-03-13T17:29:41","guid":{"rendered":"http:\/\/blitzconquista.com.br\/?p=136040"},"modified":"2025-03-13T14:29:41","modified_gmt":"2025-03-13T17:29:41","slug":"indigena-pataxo-e-assassinado-em-comunidade-na-bahia","status":"publish","type":"post","link":"http:\/\/blitzconquista.com.br\/?p=136040","title":{"rendered":"Ind\u00edgena patax\u00f3 \u00e9 assassinado em comunidade na Bahia"},"content":{"rendered":"<div class=\"header-noticia full-width\">\n<h3 class=\"linha-fina-noticia\" style=\"text-align: center;\">Outro ind\u00edgena foi ferido por arma de fogo no mesmo ataque<\/h3>\n<\/div>\n<div class=\"subheader\">\n<div class=\"container-autoria\"><\/div>\n<\/div>\n<div id=\"block-tts-block-tts\" class=\"block block-tts\">\n<div class=\"content\">\n<div id=\"tts-container\" class=\"container-audio rel-position\">\n<div class=\"title abs-position\"><img decoding=\"async\" loading=\"lazy\" class=\"aligncenter size-full wp-image-136042\" src=\"http:\/\/blitzconquista.com.br\/wp-content\/uploads\/2025\/03\/abr_thumb_destaque_secundario.webp\" alt=\"\" width=\"390\" height=\"240\" srcset=\"http:\/\/blitzconquista.com.br\/wp-content\/uploads\/2025\/03\/abr_thumb_destaque_secundario.webp 390w, http:\/\/blitzconquista.com.br\/wp-content\/uploads\/2025\/03\/abr_thumb_destaque_secundario-300x185.webp 300w\" sizes=\"(max-width: 390px) 100vw, 390px\" \/><\/div>\n<\/div>\n<\/div>\n<\/div>\n<div class=\"conteudo-noticia\">\n<p><strong>O ind\u00edgena Vitor Braz, de 53 anos, do povo patax\u00f3, foi assassinado na noite desta segunda-feira (10), durante um ataque contra comunidade da Terra Ind\u00edgena Barra Velha do Monte Pascoal, no munic\u00edpio de Prado (BA).\u00a0<\/strong>Segundo o que foi\u00a0divulgado por entidades ind\u00edgenas e pela Secretaria de Seguran\u00e7a P\u00fablica da Bahia, ele foi morto por disparos de arma de fogo.\u00a0<img decoding=\"async\" src=\"https:\/\/agenciabrasil.ebc.com.br\/ebc.png?id=1634182&amp;o=node\" \/><img decoding=\"async\" src=\"https:\/\/agenciabrasil.ebc.com.br\/ebc.gif?id=1634182&amp;o=node\" \/><\/p>\n<p><strong>Braz era morador da\u00a0Terra \u00e0 Vista, localizada em\u00a0\u00e1rea que est\u00e1 em processo de demarca\u00e7\u00e3o.<\/strong>\u00a0Segundo a Secretaria de Seguran\u00e7a P\u00fablica, outro ind\u00edgena foi ferido por disparos de arma de fogo e teve que passar por cirurgia na manh\u00e3 desta ter\u00e7a-feira (11).<\/p>\n<h2>&#8220;Indigna\u00e7\u00e3o&#8221;<\/h2>\n<p>Ap\u00f3s o crime, o Conselho de Caciques Patax\u00f3 (Conpaca) manifestou \u201cprofundo rep\u00fadio e indigna\u00e7\u00e3o\u201d diante da viol\u00eancia.<\/p>\n<blockquote><p>\u201cVitor Braz foi cruelmente assassinado por pistoleiros em um ataque orquestrado por fazendeiros, e outros dois adolescentes seguem desaparecidos\u201d, acusou a entidade.<\/p><\/blockquote>\n<p><strong>O Conselho de Caciques Patax\u00f3 considera que a nova trag\u00e9dia se soma a um hist\u00f3rico de viola\u00e7\u00f5es e amea\u00e7as contra o povo patax\u00f3.<\/strong>\u00a0\u201cN\u00e3o aceitaremos que nossas terras sejam tomadas e que nossas vidas sejam ceifadas impunemente\u201d, apontou o Conpaca.<\/p>\n<p>A entidade, em nota, reafirmou que exige provid\u00eancias imediatas das autoridades.<\/p>\n<blockquote><p>\u201cExigimos justi\u00e7a para V\u00edtor Braz e a localiza\u00e7\u00e3o urgente dos adolescentes desaparecidos. N\u00e3o permitiremos que mais uma gota de sangue ind\u00edgena seja derramada sem resposta\u201d, ressaltou no documento.<\/p><\/blockquote>\n<h2>Audi\u00eancia p\u00fablica<\/h2>\n<p>Tanto o Conselho Ind\u00edgena Mission\u00e1rio como o Conpaca contextualizaram, em suas manifesta\u00e7\u00f5es, que\u00a0<strong>o assassinato ocorreu na noite que antecedeu a\u00a0audi\u00eancia p\u00fablica em Bras\u00edlia (DF) sobre a demarca\u00e7\u00e3o das terras ind\u00edgenas Tupinamb\u00e1 de Oliven\u00e7a, Tupinamb\u00e1 de Belmonte e Barra Velha do Monte Pascoal.\u00a0<\/strong><\/p>\n<p>\u201cCerca de 300 ind\u00edgenas dos povos tupinamb\u00e1 e patax\u00f3 encontram-se na capital federal para participar da atividade, promovida pelo Minist\u00e9rio P\u00fablico Federal (MPF). A audi\u00eancia iniciou com um minuto de sil\u00eancio em mem\u00f3ria de Vitor Braz\u201d, assinalou o Cimi.<\/p>\n<h2>Espera por demarca\u00e7\u00e3o<\/h2>\n<p><strong>De acordo com a entidade, os tr\u00eas territ\u00f3rios, localizados no sul e extremo sul da Bahia, aguardam h\u00e1 mais de uma d\u00e9cada a emiss\u00e3o das\u00a0portarias declarat\u00f3rias da demarca\u00e7\u00e3o, atribui\u00e7\u00e3o do Minist\u00e9rio da Justi\u00e7a.\u00a0<\/strong><\/p>\n<p>\u201cN\u00e3o h\u00e1 nenhum impedimento jur\u00eddico ou administrativo para a emiss\u00e3o das portarias\u201d, lamentou.<\/p>\n<h2>Busca dos suspeitos<\/h2>\n<p>Tamb\u00e9m em nota, a Secretaria da Seguran\u00e7a P\u00fablica da Bahia informou que um grupo denominado For\u00e7a Integrada de Combate a Crimes Comuns Envolvendo Povos e Comunidades Tradicionais\u00a0refor\u00e7ou as a\u00e7\u00f5es ostensivas e de intelig\u00eancia na Aldeia Terra Vista, ap\u00f3s o crime.<\/p>\n<p>\u201cAs For\u00e7as da Seguran\u00e7a trabalham no local buscando identificar e capturar os envolvidos no ataque a tiros\u201d, afirmou a SSP.<\/p>\n<\/div>\n<p>&nbsp;<\/p>\n<p>Fonte: Ag\u00eancia Brasil<\/p>\n","protected":false},"excerpt":{"rendered":"<p>Outro ind\u00edgena foi ferido por arma de fogo no mesmo ataque O ind\u00edgena Vitor Braz, de 53 anos, do povo patax\u00f3, foi assassinado na noite desta segunda-feira (10), durante um ataque contra comunidade da Terra Ind\u00edgena Barra Velha do Monte Pascoal, no munic\u00edpio de Prado (BA).\u00a0Segundo o que foi\u00a0divulgado por entidades ind\u00edgenas e pela Secretaria [&hellip;]<\/p>\n","protected":false},"author":1,"featured_media":136042,"comment_status":"closed","ping_status":"closed","sticky":false,"template":"","format":"standard","meta":[],"categories":[212,3],"tags":[],"_links":{"self":[{"href":"http:\/\/blitzconquista.com.br\/index.php?rest_route=\/wp\/v2\/posts\/136040"}],"collection":[{"href":"http:\/\/blitzconquista.com.br\/index.php?rest_route=\/wp\/v2\/posts"}],"about":[{"href":"http:\/\/blitzconquista.com.br\/index.php?rest_route=\/wp\/v2\/types\/post"}],"author":[{"embeddable":true,"href":"http:\/\/blitzconquista.com.br\/index.php?rest_route=\/wp\/v2\/users\/1"}],"replies":[{"embeddable":true,"href":"http:\/\/blitzconquista.com.br\/index.php?rest_route=%2Fwp%2Fv2%2Fcomments&post=136040"}],"version-history":[{"count":1,"href":"http:\/\/blitzconquista.com.br\/index.php?rest_route=\/wp\/v2\/posts\/136040\/revisions"}],"predecessor-version":[{"id":136043,"href":"http:\/\/blitzconquista.com.br\/index.php?rest_route=\/wp\/v2\/posts\/136040\/revisions\/136043"}],"wp:featuredmedia":[{"embeddable":true,"href":"http:\/\/blitzconquista.com.br\/index.php?rest_route=\/wp\/v2\/media\/136042"}],"wp:attachment":[{"href":"http:\/\/blitzconquista.com.br\/index.php?rest_route=%2Fwp%2Fv2%2Fmedia&parent=136040"}],"wp:term":[{"taxonomy":"category","embeddable":true,"href":"http:\/\/blitzconquista.com.br\/index.php?rest_route=%2Fwp%2Fv2%2Fcategories&post=136040"},{"taxonomy":"post_tag","embeddable":true,"href":"http:\/\/blitzconquista.com.br\/index.php?rest_route=%2Fwp%2Fv2%2Ftags&post=136040"}],"curies":[{"name":"wp","href":"https:\/\/api.w.org\/{rel}","templated":true}]}}